{"id":4291,"date":"2023-11-13T14:04:42","date_gmt":"2023-11-13T13:04:42","guid":{"rendered":"https:\/\/ugess.org\/?p=4291"},"modified":"2024-04-17T09:37:06","modified_gmt":"2024-04-17T07:37:06","slug":"pour-une-snanc-qui-prenne-en-compte-les-enjeux-dacces-a-une-alimentation-choisie-saine-et-durable-pour-toutes-et-tous","status":"publish","type":"post","link":"https:\/\/ugess.org\/index.php\/2023\/11\/13\/pour-une-snanc-qui-prenne-en-compte-les-enjeux-dacces-a-une-alimentation-choisie-saine-et-durable-pour-toutes-et-tous\/","title":{"rendered":"Pour une SNANC qui prenne en compte les enjeux d&rsquo;acc\u00e8s \u00e0 une alimentation choisie, saine et durable pour toutes et tous"},"content":{"rendered":"\t\t<div data-elementor-type=\"wp-post\" data-elementor-id=\"4291\" class=\"elementor elementor-4291\">\n\t\t\t\t\t\t<section class=\"elementor-section elementor-top-section elementor-element elementor-element-e94f06a elementor-section-stretched elementor-section-boxed elementor-section-height-default elementor-section-height-default wpr-particle-no wpr-jarallax-no wpr-parallax-no wpr-sticky-section-no wpr-equal-height-no\" data-id=\"e94f06a\" data-element_type=\"section\" data-e-type=\"section\" data-settings=\"{&quot;stretch_section&quot;:&quot;section-stretched&quot;}\">\n\t\t\t\t\t\t<div class=\"elementor-container elementor-column-gap-default\">\n\t\t\t\t\t<div class=\"elementor-column elementor-col-100 elementor-top-column elementor-element elementor-element-9cf6131\" data-id=\"9cf6131\" data-element_type=\"column\" data-e-type=\"column\">\n\t\t\t<div class=\"elementor-widget-wrap elementor-element-populated\">\n\t\t\t\t\t\t<div class=\"elementor-element elementor-element-10c3895 elementor-widget elementor-widget-text-editor\" data-id=\"10c3895\" data-element_type=\"widget\" data-e-type=\"widget\" data-widget_type=\"text-editor.default\">\n\t\t\t\t<div class=\"elementor-widget-container\">\n\t\t\t\t\t\t\t\t\t<p><em>Alors que les discussions sur la SNANC avancent lentement, l\u2019inflation continue de galoper, et les produits alimentaires de peser toujours plus lourd dans le budget des m\u00e9nages modestes. Le cri d\u2019alarme lanc\u00e9 par les Restos du Coeur en est une illustration de plus. Si nous nous r\u00e9jouissons de l\u2019\u00e9lan de solidarit\u00e9 qu\u2019il a suscit\u00e9, nous consid\u00e9rons toutefois que, de la part des responsables politiques, cet \u00e9lan fait fausse route. Le projet de notre pays ne peut pas \u00eatre de permettre aux associations de servir toujours plus de repas aux personnes qui souffrent de la faim. L\u2019ambition de notre pays devrait \u00eatre, au contraire, d\u2019\u00e9viter \u00e0 chacune et chacun l\u2019humiliation d\u2019avoir \u00e0 qu\u00e9mander pour se nourrir. Ce que demandent les personnes en pr\u00e9carit\u00e9, c\u2019est un acc\u00e8s digne, librement choisi, \u00e0 une alimentation saine et de qualit\u00e9.<\/em><\/p>\t\t\t\t\t\t\t\t<\/div>\n\t\t\t\t<\/div>\n\t\t\t\t\t<\/div>\n\t\t<\/div>\n\t\t\t\t\t<\/div>\n\t\t<\/section>\n\t\t\t\t<section class=\"elementor-section elementor-top-section elementor-element elementor-element-21ae854 elementor-section-boxed elementor-section-height-default elementor-section-height-default wpr-particle-no wpr-jarallax-no wpr-parallax-no wpr-sticky-section-no wpr-equal-height-no\" data-id=\"21ae854\" data-element_type=\"section\" data-e-type=\"section\">\n\t\t\t\t\t\t<div class=\"elementor-container elementor-column-gap-default\">\n\t\t\t\t\t<div class=\"elementor-column elementor-col-100 elementor-top-column elementor-element elementor-element-7292601\" data-id=\"7292601\" data-element_type=\"column\" data-e-type=\"column\">\n\t\t\t<div class=\"elementor-widget-wrap elementor-element-populated\">\n\t\t\t\t\t\t<div class=\"elementor-element elementor-element-6ed4787 elementor-widget elementor-widget-spacer\" data-id=\"6ed4787\" data-element_type=\"widget\" data-e-type=\"widget\" data-widget_type=\"spacer.default\">\n\t\t\t\t<div class=\"elementor-widget-container\">\n\t\t\t\t\t\t\t<div class=\"elementor-spacer\">\n\t\t\t<div class=\"elementor-spacer-inner\"><\/div>\n\t\t<\/div>\n\t\t\t\t\t\t<\/div>\n\t\t\t\t<\/div>\n\t\t\t\t\t<\/div>\n\t\t<\/div>\n\t\t\t\t\t<\/div>\n\t\t<\/section>\n\t\t\t\t<section class=\"elementor-section elementor-top-section elementor-element elementor-element-aa647cd elementor-section-stretched elementor-section-boxed elementor-section-height-default elementor-section-height-default wpr-particle-no wpr-jarallax-no wpr-parallax-no wpr-sticky-section-no wpr-equal-height-no\" data-id=\"aa647cd\" data-element_type=\"section\" data-e-type=\"section\" data-settings=\"{&quot;stretch_section&quot;:&quot;section-stretched&quot;}\">\n\t\t\t\t\t\t<div class=\"elementor-container elementor-column-gap-default\">\n\t\t\t\t\t<div class=\"elementor-column elementor-col-16 elementor-top-column elementor-element elementor-element-ac39c61\" data-id=\"ac39c61\" data-element_type=\"column\" data-e-type=\"column\">\n\t\t\t<div class=\"elementor-widget-wrap elementor-element-populated\">\n\t\t\t\t\t\t<div class=\"elementor-element elementor-element-bd3b52f e-transform elementor-widget elementor-widget-image\" data-id=\"bd3b52f\" data-element_type=\"widget\" data-e-type=\"widget\" data-settings=\"{&quot;_transform_scale_effect_mobile&quot;:{&quot;unit&quot;:&quot;px&quot;,&quot;size&quot;:1,&quot;sizes&quot;:[]},&quot;_transform_scale_effect&quot;:{&quot;unit&quot;:&quot;px&quot;,&quot;size&quot;:&quot;&quot;,&quot;sizes&quot;:[]},&quot;_transform_scale_effect_tablet&quot;:{&quot;unit&quot;:&quot;px&quot;,&quot;size&quot;:&quot;&quot;,&quot;sizes&quot;:[]}}\" data-widget_type=\"image.default\">\n\t\t\t\t<div class=\"elementor-widget-container\">\n\t\t\t\t\t\t\t\t\t\t\t\t\t\t\t\t<a href=\"https:\/\/reseauactionclimat.org\/\" target=\"_blank\">\n\t\t\t\t\t\t\t<img decoding=\"async\" width=\"210\" height=\"167\" src=\"https:\/\/ugess.org\/wp-content\/uploads\/2023\/11\/logo-RAC-reseau-action-climat.png\" class=\"attachment-large size-large wp-image-4335\" alt=\"\" \/>\t\t\t\t\t\t\t\t<\/a>\n\t\t\t\t\t\t\t\t\t\t\t\t\t\t\t<\/div>\n\t\t\t\t<\/div>\n\t\t\t\t\t<\/div>\n\t\t<\/div>\n\t\t\t\t<div class=\"elementor-column elementor-col-16 elementor-top-column elementor-element elementor-element-311c29a\" data-id=\"311c29a\" data-element_type=\"column\" data-e-type=\"column\">\n\t\t\t<div class=\"elementor-widget-wrap elementor-element-populated\">\n\t\t\t\t\t\t<div class=\"elementor-element elementor-element-987a57f e-transform elementor-widget elementor-widget-image\" data-id=\"987a57f\" data-element_type=\"widget\" data-e-type=\"widget\" data-settings=\"{&quot;_transform_scale_effect_mobile&quot;:{&quot;unit&quot;:&quot;px&quot;,&quot;size&quot;:1,&quot;sizes&quot;:[]},&quot;_transform_scale_effect&quot;:{&quot;unit&quot;:&quot;px&quot;,&quot;size&quot;:&quot;&quot;,&quot;sizes&quot;:[]},&quot;_transform_scale_effect_tablet&quot;:{&quot;unit&quot;:&quot;px&quot;,&quot;size&quot;:&quot;&quot;,&quot;sizes&quot;:[]}}\" data-widget_type=\"image.default\">\n\t\t\t\t<div class=\"elementor-widget-container\">\n\t\t\t\t\t\t\t\t\t\t\t\t\t\t\t<img decoding=\"async\" width=\"200\" height=\"200\" src=\"https:\/\/ugess.org\/wp-content\/uploads\/2023\/07\/cropped-Logo-fond-transparent.png\" class=\"attachment-large size-large wp-image-4156\" alt=\"\" srcset=\"https:\/\/ugess.org\/wp-content\/uploads\/2023\/07\/cropped-Logo-fond-transparent.png 200w, https:\/\/ugess.org\/wp-content\/uploads\/2023\/07\/cropped-Logo-fond-transparent-150x150.png 150w\" sizes=\"(max-width: 200px) 100vw, 200px\" \/>\t\t\t\t\t\t\t\t\t\t\t\t\t\t\t<\/div>\n\t\t\t\t<\/div>\n\t\t\t\t\t<\/div>\n\t\t<\/div>\n\t\t\t\t<div class=\"elementor-column elementor-col-16 elementor-top-column elementor-element elementor-element-a45997a\" data-id=\"a45997a\" data-element_type=\"column\" data-e-type=\"column\">\n\t\t\t<div class=\"elementor-widget-wrap elementor-element-populated\">\n\t\t\t\t\t\t<div class=\"elementor-element elementor-element-bdc0f3b e-transform elementor-widget elementor-widget-image\" data-id=\"bdc0f3b\" data-element_type=\"widget\" data-e-type=\"widget\" data-settings=\"{&quot;_transform_scale_effect_mobile&quot;:{&quot;unit&quot;:&quot;px&quot;,&quot;size&quot;:0.7,&quot;sizes&quot;:[]},&quot;_transform_scale_effect&quot;:{&quot;unit&quot;:&quot;px&quot;,&quot;size&quot;:&quot;&quot;,&quot;sizes&quot;:[]},&quot;_transform_scale_effect_tablet&quot;:{&quot;unit&quot;:&quot;px&quot;,&quot;size&quot;:&quot;&quot;,&quot;sizes&quot;:[]}}\" data-widget_type=\"image.default\">\n\t\t\t\t<div class=\"elementor-widget-container\">\n\t\t\t\t\t\t\t\t\t\t\t\t\t\t\t\t<a href=\"https:\/\/www.secours-catholique.org\/\" target=\"_blank\">\n\t\t\t\t\t\t\t<img fetchpriority=\"high\" decoding=\"async\" width=\"484\" height=\"500\" src=\"https:\/\/ugess.org\/wp-content\/uploads\/2023\/11\/sc-logonewcarrervbblanc.jpg\" class=\"attachment-large size-large wp-image-4375\" alt=\"\" srcset=\"https:\/\/ugess.org\/wp-content\/uploads\/2023\/11\/sc-logonewcarrervbblanc.jpg 484w, https:\/\/ugess.org\/wp-content\/uploads\/2023\/11\/sc-logonewcarrervbblanc-290x300.jpg 290w\" sizes=\"(max-width: 484px) 100vw, 484px\" \/>\t\t\t\t\t\t\t\t<\/a>\n\t\t\t\t\t\t\t\t\t\t\t\t\t\t\t<\/div>\n\t\t\t\t<\/div>\n\t\t\t\t\t<\/div>\n\t\t<\/div>\n\t\t\t\t<div class=\"elementor-column elementor-col-16 elementor-top-column elementor-element elementor-element-05987f4\" data-id=\"05987f4\" data-element_type=\"column\" data-e-type=\"column\">\n\t\t\t<div class=\"elementor-widget-wrap elementor-element-populated\">\n\t\t\t\t\t\t<div class=\"elementor-element elementor-element-e23255c e-transform elementor-widget elementor-widget-image\" data-id=\"e23255c\" data-element_type=\"widget\" data-e-type=\"widget\" data-settings=\"{&quot;_transform_scale_effect_mobile&quot;:{&quot;unit&quot;:&quot;px&quot;,&quot;size&quot;:0.7,&quot;sizes&quot;:[]},&quot;_transform_scale_effect&quot;:{&quot;unit&quot;:&quot;px&quot;,&quot;size&quot;:&quot;&quot;,&quot;sizes&quot;:[]},&quot;_transform_scale_effect_tablet&quot;:{&quot;unit&quot;:&quot;px&quot;,&quot;size&quot;:&quot;&quot;,&quot;sizes&quot;:[]}}\" data-widget_type=\"image.default\">\n\t\t\t\t<div class=\"elementor-widget-container\">\n\t\t\t\t\t\t\t\t\t\t\t\t\t\t\t\t<a href=\"https:\/\/vrac-asso.org\/\" target=\"_blank\">\n\t\t\t\t\t\t\t<img loading=\"lazy\" decoding=\"async\" width=\"1000\" height=\"1000\" src=\"https:\/\/ugess.org\/wp-content\/uploads\/2023\/11\/Logo-VRAC-signature.png\" class=\"attachment-large size-large wp-image-4388\" alt=\"\" srcset=\"https:\/\/ugess.org\/wp-content\/uploads\/2023\/11\/Logo-VRAC-signature.png 1000w, https:\/\/ugess.org\/wp-content\/uploads\/2023\/11\/Logo-VRAC-signature-300x300.png 300w, https:\/\/ugess.org\/wp-content\/uploads\/2023\/11\/Logo-VRAC-signature-150x150.png 150w, https:\/\/ugess.org\/wp-content\/uploads\/2023\/11\/Logo-VRAC-signature-768x768.png 768w\" sizes=\"(max-width: 1000px) 100vw, 1000px\" \/>\t\t\t\t\t\t\t\t<\/a>\n\t\t\t\t\t\t\t\t\t\t\t\t\t\t\t<\/div>\n\t\t\t\t<\/div>\n\t\t\t\t\t<\/div>\n\t\t<\/div>\n\t\t\t\t<div class=\"elementor-column elementor-col-16 elementor-top-column elementor-element elementor-element-7655e65\" data-id=\"7655e65\" data-element_type=\"column\" data-e-type=\"column\">\n\t\t\t<div class=\"elementor-widget-wrap elementor-element-populated\">\n\t\t\t\t\t\t<div class=\"elementor-element elementor-element-a0fa671 elementor-widget elementor-widget-image\" data-id=\"a0fa671\" data-element_type=\"widget\" data-e-type=\"widget\" data-widget_type=\"image.default\">\n\t\t\t\t<div class=\"elementor-widget-container\">\n\t\t\t\t\t\t\t\t\t\t\t\t\t\t\t\t<a href=\"https:\/\/www.civam.org\/\" target=\"_blank\">\n\t\t\t\t\t\t\t<img loading=\"lazy\" decoding=\"async\" width=\"131\" height=\"154\" src=\"https:\/\/ugess.org\/wp-content\/uploads\/2023\/11\/logo_reseau_civam-1.png\" class=\"attachment-large size-large wp-image-4334\" alt=\"\" \/>\t\t\t\t\t\t\t\t<\/a>\n\t\t\t\t\t\t\t\t\t\t\t\t\t\t\t<\/div>\n\t\t\t\t<\/div>\n\t\t\t\t\t<\/div>\n\t\t<\/div>\n\t\t\t\t<div class=\"elementor-column elementor-col-16 elementor-top-column elementor-element elementor-element-2052c7b\" data-id=\"2052c7b\" data-element_type=\"column\" data-e-type=\"column\">\n\t\t\t<div class=\"elementor-widget-wrap elementor-element-populated\">\n\t\t\t\t\t\t<div class=\"elementor-element elementor-element-24f9c98 e-transform elementor-widget elementor-widget-image\" data-id=\"24f9c98\" data-element_type=\"widget\" data-e-type=\"widget\" data-settings=\"{&quot;_transform_scale_effect_mobile&quot;:{&quot;unit&quot;:&quot;px&quot;,&quot;size&quot;:0.7,&quot;sizes&quot;:[]},&quot;_transform_scale_effect&quot;:{&quot;unit&quot;:&quot;px&quot;,&quot;size&quot;:&quot;&quot;,&quot;sizes&quot;:[]},&quot;_transform_scale_effect_tablet&quot;:{&quot;unit&quot;:&quot;px&quot;,&quot;size&quot;:&quot;&quot;,&quot;sizes&quot;:[]}}\" data-widget_type=\"image.default\">\n\t\t\t\t<div class=\"elementor-widget-container\">\n\t\t\t\t\t\t\t\t\t\t\t\t\t\t\t\t<a href=\"https:\/\/www.actioncontrelafaim.org\/\" target=\"_blank\">\n\t\t\t\t\t\t\t<img loading=\"lazy\" decoding=\"async\" width=\"1024\" height=\"647\" src=\"https:\/\/ugess.org\/wp-content\/uploads\/2023\/11\/Logo_Action_contre_la_faim.svg-1024x647.png\" class=\"attachment-large size-large wp-image-4333\" alt=\"\" srcset=\"https:\/\/ugess.org\/wp-content\/uploads\/2023\/11\/Logo_Action_contre_la_faim.svg-1024x647.png 1024w, https:\/\/ugess.org\/wp-content\/uploads\/2023\/11\/Logo_Action_contre_la_faim.svg-300x190.png 300w, https:\/\/ugess.org\/wp-content\/uploads\/2023\/11\/Logo_Action_contre_la_faim.svg-768x485.png 768w, https:\/\/ugess.org\/wp-content\/uploads\/2023\/11\/Logo_Action_contre_la_faim.svg.png 1200w\" sizes=\"(max-width: 1024px) 100vw, 1024px\" \/>\t\t\t\t\t\t\t\t<\/a>\n\t\t\t\t\t\t\t\t\t\t\t\t\t\t\t<\/div>\n\t\t\t\t<\/div>\n\t\t\t\t\t<\/div>\n\t\t<\/div>\n\t\t\t\t\t<\/div>\n\t\t<\/section>\n\t\t\t\t<section class=\"elementor-section elementor-top-section elementor-element elementor-element-f543e65 elementor-section-boxed elementor-section-height-default elementor-section-height-default wpr-particle-no wpr-jarallax-no wpr-parallax-no wpr-sticky-section-no wpr-equal-height-no\" data-id=\"f543e65\" data-element_type=\"section\" data-e-type=\"section\">\n\t\t\t\t\t\t<div class=\"elementor-container elementor-column-gap-default\">\n\t\t\t\t\t<div class=\"elementor-column elementor-col-100 elementor-top-column elementor-element elementor-element-aa092c4\" data-id=\"aa092c4\" data-element_type=\"column\" data-e-type=\"column\">\n\t\t\t<div class=\"elementor-widget-wrap elementor-element-populated\">\n\t\t\t\t\t\t<div class=\"elementor-element elementor-element-daeb918 elementor-widget elementor-widget-spacer\" data-id=\"daeb918\" data-element_type=\"widget\" data-e-type=\"widget\" data-widget_type=\"spacer.default\">\n\t\t\t\t<div class=\"elementor-widget-container\">\n\t\t\t\t\t\t\t<div class=\"elementor-spacer\">\n\t\t\t<div class=\"elementor-spacer-inner\"><\/div>\n\t\t<\/div>\n\t\t\t\t\t\t<\/div>\n\t\t\t\t<\/div>\n\t\t\t\t\t<\/div>\n\t\t<\/div>\n\t\t\t\t\t<\/div>\n\t\t<\/section>\n\t\t\t\t<section class=\"elementor-section elementor-top-section elementor-element elementor-element-327a01a elementor-section-stretched elementor-section-boxed elementor-section-height-default elementor-section-height-default wpr-particle-no wpr-jarallax-no wpr-parallax-no wpr-sticky-section-no wpr-equal-height-no\" data-id=\"327a01a\" data-element_type=\"section\" data-e-type=\"section\" data-settings=\"{&quot;stretch_section&quot;:&quot;section-stretched&quot;}\">\n\t\t\t\t\t\t<div class=\"elementor-container elementor-column-gap-default\">\n\t\t\t\t\t<div class=\"elementor-column elementor-col-100 elementor-top-column elementor-element elementor-element-b5eb214\" data-id=\"b5eb214\" data-element_type=\"column\" data-e-type=\"column\">\n\t\t\t<div class=\"elementor-widget-wrap elementor-element-populated\">\n\t\t\t\t\t\t<div class=\"elementor-element elementor-element-b8fed68 elementor-widget elementor-widget-text-editor\" data-id=\"b8fed68\" data-element_type=\"widget\" data-e-type=\"widget\" data-widget_type=\"text-editor.default\">\n\t\t\t\t<div class=\"elementor-widget-container\">\n\t\t\t\t\t\t\t\t\t<p>Cela passe d\u2019abord par un rel\u00e8vement des tr\u00e8s bas revenus, car la pr\u00e9carit\u00e9 alimentaire est tr\u00e8s fortement li\u00e9e \u00e0 des revenus insuffisants. Une dimension compl\u00e8tement absente du <strong>Pacte des Solidarit\u00e9s<\/strong> sorti il y a seulement quelques semaines.<\/p>\t\t\t\t\t\t\t\t<\/div>\n\t\t\t\t<\/div>\n\t\t\t\t\t<\/div>\n\t\t<\/div>\n\t\t\t\t\t<\/div>\n\t\t<\/section>\n\t\t\t\t<section class=\"elementor-section elementor-top-section elementor-element elementor-element-2ae4d6f elementor-section-stretched elementor-section-boxed elementor-section-height-default elementor-section-height-default wpr-particle-no wpr-jarallax-no wpr-parallax-no wpr-sticky-section-no wpr-equal-height-no\" data-id=\"2ae4d6f\" data-element_type=\"section\" data-e-type=\"section\" data-settings=\"{&quot;stretch_section&quot;:&quot;section-stretched&quot;}\">\n\t\t\t\t\t\t<div class=\"elementor-container elementor-column-gap-default\">\n\t\t\t\t\t<div class=\"elementor-column elementor-col-100 elementor-top-column elementor-element elementor-element-9dcbc8b\" data-id=\"9dcbc8b\" data-element_type=\"column\" data-e-type=\"column\">\n\t\t\t<div class=\"elementor-widget-wrap elementor-element-populated\">\n\t\t\t\t\t\t<div class=\"elementor-element elementor-element-8b85ece elementor-widget elementor-widget-text-editor\" data-id=\"8b85ece\" data-element_type=\"widget\" data-e-type=\"widget\" data-widget_type=\"text-editor.default\">\n\t\t\t\t<div class=\"elementor-widget-container\">\n\t\t\t\t\t\t\t\t\t<p>La future SNANC doit aussi faire sa part pour lutter contre la pr\u00e9carit\u00e9 alimentaire. Elle doit notamment donner un cadre clair permettant de d\u00e9passer l\u2019aide alimentaire actuelle pour aller vers une politique de lutte contre la pr\u00e9carit\u00e9 alimentaire qui prenne en compte les enjeux de durabilit\u00e9, de souverainet\u00e9 alimentaire, de sant\u00e9 publique et d\u2019acc\u00e8s dans la dignit\u00e9 \u00e0 l\u2019alimentation. Une ambition pos\u00e9e par le <strong>Comit\u00e9 de Coordination de Lutte contre la Pr\u00e9carit\u00e9 Alimentaire (COCOLUPA).<\/strong> La future SNANC doit aussi renforcer la coordination de ces diff\u00e9rentes politiques publiques afin d\u2019agir de mani\u00e8re pr\u00e9ventive contre la pr\u00e9carit\u00e9 alimentaire. Cette ambition est plus globalement port\u00e9e par un collectif de plus de 100 associations dans une <strong><span style=\"text-decoration: underline;\"><span style=\"color: #5ebc3d;\"><a style=\"color: #5ebc3d; text-decoration: underline;\" href=\"https:\/\/reseauactionclimat.org\/lettre-ouverte-des-organisations-a-elisabeth-borne-pour-une-veritable-strategie-nationale-pour-lalimentation-la-nutrition-et-le-climat\/\" target=\"_blank\" rel=\"noopener\">lettre ouverte<\/a><\/span><\/span><\/strong> adress\u00e9e \u00e0 Matignon qui appelle \u00e0 une SNANC \u00e0 la hauteur des enjeux \u00e9cologiques, sociaux et de sant\u00e9 publique.<\/p>\t\t\t\t\t\t\t\t<\/div>\n\t\t\t\t<\/div>\n\t\t\t\t\t<\/div>\n\t\t<\/div>\n\t\t\t\t\t<\/div>\n\t\t<\/section>\n\t\t\t\t<section class=\"elementor-section elementor-top-section elementor-element elementor-element-c4c3c7c elementor-section-stretched elementor-section-boxed elementor-section-height-default elementor-section-height-default wpr-particle-no wpr-jarallax-no wpr-parallax-no wpr-sticky-section-no wpr-equal-height-no\" data-id=\"c4c3c7c\" data-element_type=\"section\" data-e-type=\"section\" data-settings=\"{&quot;stretch_section&quot;:&quot;section-stretched&quot;}\">\n\t\t\t\t\t\t<div class=\"elementor-container elementor-column-gap-default\">\n\t\t\t\t\t<div class=\"elementor-column elementor-col-100 elementor-top-column elementor-element elementor-element-98ffd07\" data-id=\"98ffd07\" data-element_type=\"column\" data-e-type=\"column\">\n\t\t\t<div class=\"elementor-widget-wrap elementor-element-populated\">\n\t\t\t\t\t\t<div class=\"elementor-element elementor-element-8a08eaf elementor-widget elementor-widget-heading\" data-id=\"8a08eaf\" data-element_type=\"widget\" data-e-type=\"widget\" data-widget_type=\"heading.default\">\n\t\t\t\t<div class=\"elementor-widget-container\">\n\t\t\t\t\t<h2 class=\"elementor-heading-title elementor-size-default\">Une pr\u00e9carit\u00e9 alimentaire en hausse et aux impacts multiples<\/h2>\t\t\t\t<\/div>\n\t\t\t\t<\/div>\n\t\t\t\t\t<\/div>\n\t\t<\/div>\n\t\t\t\t\t<\/div>\n\t\t<\/section>\n\t\t\t\t<section class=\"elementor-section elementor-top-section elementor-element elementor-element-d0bdf09 elementor-section-full_width elementor-section-stretched elementor-section-height-default elementor-section-height-default wpr-particle-no wpr-jarallax-no wpr-parallax-no wpr-sticky-section-no wpr-equal-height-no\" data-id=\"d0bdf09\" data-element_type=\"section\" data-e-type=\"section\" data-settings=\"{&quot;stretch_section&quot;:&quot;section-stretched&quot;}\">\n\t\t\t\t\t\t<div class=\"elementor-container elementor-column-gap-default\">\n\t\t\t\t\t<div class=\"elementor-column elementor-col-100 elementor-top-column elementor-element elementor-element-e9a16e6\" data-id=\"e9a16e6\" data-element_type=\"column\" data-e-type=\"column\">\n\t\t\t<div class=\"elementor-widget-wrap elementor-element-populated\">\n\t\t\t\t\t\t<div class=\"elementor-element elementor-element-5d374e0 elementor-widget elementor-widget-spacer\" data-id=\"5d374e0\" data-element_type=\"widget\" data-e-type=\"widget\" data-widget_type=\"spacer.default\">\n\t\t\t\t<div class=\"elementor-widget-container\">\n\t\t\t\t\t\t\t<div class=\"elementor-spacer\">\n\t\t\t<div class=\"elementor-spacer-inner\"><\/div>\n\t\t<\/div>\n\t\t\t\t\t\t<\/div>\n\t\t\t\t<\/div>\n\t\t\t\t\t<\/div>\n\t\t<\/div>\n\t\t\t\t\t<\/div>\n\t\t<\/section>\n\t\t\t\t<section class=\"elementor-section elementor-top-section elementor-element elementor-element-b92f79d elementor-section-stretched elementor-section-boxed elementor-section-height-default elementor-section-height-default wpr-particle-no wpr-jarallax-no wpr-parallax-no wpr-sticky-section-no wpr-equal-height-no\" data-id=\"b92f79d\" data-element_type=\"section\" data-e-type=\"section\" data-settings=\"{&quot;stretch_section&quot;:&quot;section-stretched&quot;}\">\n\t\t\t\t\t\t<div class=\"elementor-container elementor-column-gap-default\">\n\t\t\t\t\t<div class=\"elementor-column elementor-col-100 elementor-top-column elementor-element elementor-element-27ae2c2\" data-id=\"27ae2c2\" data-element_type=\"column\" data-e-type=\"column\">\n\t\t\t<div class=\"elementor-widget-wrap elementor-element-populated\">\n\t\t\t\t\t\t<div class=\"elementor-element elementor-element-0340a33 elementor-widget elementor-widget-text-editor\" data-id=\"0340a33\" data-element_type=\"widget\" data-e-type=\"widget\" data-widget_type=\"text-editor.default\">\n\t\t\t\t<div class=\"elementor-widget-container\">\n\t\t\t\t\t\t\t\t\t<p><strong>7 M de personnes ont eu recours \u00e0 l\u2019aide alimentaire en 2020<a href=\"#_ftn1\" name=\"_ftnref1\"><sup>[1]<\/sup><\/a>. Plus globalement, <span style=\"text-decoration: underline;\"><span style=\"color: #5ebc3d; text-decoration: underline;\"><a style=\"color: #5ebc3d; text-decoration: underline;\" href=\"https:\/\/www.anses.fr\/fr\/system\/files\/NUT2014SA0234Ra.pdf\" target=\"_blank\" rel=\"noopener\">8 M de personnes sont en situation d\u2019ins\u00e9curit\u00e9 alimentaire<\/a>.<\/span><\/span> <\/strong>Celle-ci est tr\u00e8s souvent associ\u00e9e \u00e0 d\u2019autres fragilit\u00e9s (addictions, renoncement aux soins, exclusion, logement insalubre\u2026). Les personnes en situation de pr\u00e9carit\u00e9 sont les premi\u00e8res victimes de maladies chroniques li\u00e9es \u00e0 l\u2019alimentation : <strong>la part des personnes ob\u00e8ses parmi les personnes ayant recours \u00e0 l\u2019aide alimentaire atteignait 29 % en 2012, pour une moyenne nationale d\u2019environ 17%<a href=\"#_ftn1\" name=\"_ftnref1\"><sup>[2]<\/sup><\/a>. <\/strong>De m\u00eame, le Haut Conseil pour la Sant\u00e9 Publique souligne les fortes disparit\u00e9s de consommation de fruits et l\u00e9gumes entre les personnes recourant \u00e0 l\u2019aide alimentaire et la population fran\u00e7aise en g\u00e9n\u00e9ral<em>.<\/em> Celle-ci devient alors un marqueur social et impacte les plus pr\u00e9caires. Aux probl\u00e9matiques physiques s\u2019ajoutent les probl\u00e9matiques de non recours \u00e0 l\u2019aide alimentaire : une personne sur deux pouvant recourir \u00e0 l\u2019aide alimentaire y renoncerait, <span style=\"text-decoration: underline; color: #5ebc3d;\"><a style=\"color: #5ebc3d; text-decoration: underline;\" href=\"https:\/\/ugess.org\/wp-content\/uploads\/2023\/11\/Etude-CREDOC.pdf\" target=\"_blank\" rel=\"noopener\"><strong>en grande partie par honte<\/strong><\/a><\/span>.<\/p>\t\t\t\t\t\t\t\t<\/div>\n\t\t\t\t<\/div>\n\t\t\t\t\t<\/div>\n\t\t<\/div>\n\t\t\t\t\t<\/div>\n\t\t<\/section>\n\t\t\t\t<section class=\"elementor-section elementor-top-section elementor-element elementor-element-5b439a1 elementor-section-stretched elementor-section-boxed elementor-section-height-default elementor-section-height-default wpr-particle-no wpr-jarallax-no wpr-parallax-no wpr-sticky-section-no wpr-equal-height-no\" data-id=\"5b439a1\" data-element_type=\"section\" data-e-type=\"section\" data-settings=\"{&quot;stretch_section&quot;:&quot;section-stretched&quot;}\">\n\t\t\t\t\t\t<div class=\"elementor-container elementor-column-gap-default\">\n\t\t\t\t\t<div class=\"elementor-column elementor-col-100 elementor-top-column elementor-element elementor-element-0b0e5b9\" data-id=\"0b0e5b9\" data-element_type=\"column\" data-e-type=\"column\">\n\t\t\t<div class=\"elementor-widget-wrap elementor-element-populated\">\n\t\t\t\t\t\t<div class=\"elementor-element elementor-element-79eeb05 elementor-widget elementor-widget-heading\" data-id=\"79eeb05\" data-element_type=\"widget\" data-e-type=\"widget\" data-widget_type=\"heading.default\">\n\t\t\t\t<div class=\"elementor-widget-container\">\n\t\t\t\t\t<h2 class=\"elementor-heading-title elementor-size-default\">La SNANC doit agir sur les environnements alimentaires<\/h2>\t\t\t\t<\/div>\n\t\t\t\t<\/div>\n\t\t\t\t\t<\/div>\n\t\t<\/div>\n\t\t\t\t\t<\/div>\n\t\t<\/section>\n\t\t\t\t<section class=\"elementor-section elementor-top-section elementor-element elementor-element-de1d3f0 elementor-section-full_width elementor-section-stretched elementor-section-height-default elementor-section-height-default wpr-particle-no wpr-jarallax-no wpr-parallax-no wpr-sticky-section-no wpr-equal-height-no\" data-id=\"de1d3f0\" data-element_type=\"section\" data-e-type=\"section\" data-settings=\"{&quot;stretch_section&quot;:&quot;section-stretched&quot;}\">\n\t\t\t\t\t\t<div class=\"elementor-container elementor-column-gap-default\">\n\t\t\t\t\t<div class=\"elementor-column elementor-col-100 elementor-top-column elementor-element elementor-element-2ebd786\" data-id=\"2ebd786\" data-element_type=\"column\" data-e-type=\"column\">\n\t\t\t<div class=\"elementor-widget-wrap elementor-element-populated\">\n\t\t\t\t\t\t<div class=\"elementor-element elementor-element-1f345b1 elementor-widget elementor-widget-spacer\" data-id=\"1f345b1\" data-element_type=\"widget\" data-e-type=\"widget\" data-widget_type=\"spacer.default\">\n\t\t\t\t<div class=\"elementor-widget-container\">\n\t\t\t\t\t\t\t<div class=\"elementor-spacer\">\n\t\t\t<div class=\"elementor-spacer-inner\"><\/div>\n\t\t<\/div>\n\t\t\t\t\t\t<\/div>\n\t\t\t\t<\/div>\n\t\t\t\t\t<\/div>\n\t\t<\/div>\n\t\t\t\t\t<\/div>\n\t\t<\/section>\n\t\t\t\t<section class=\"elementor-section elementor-top-section elementor-element elementor-element-b9cbdf7 elementor-section-stretched elementor-section-boxed elementor-section-height-default elementor-section-height-default wpr-particle-no wpr-jarallax-no wpr-parallax-no wpr-sticky-section-no wpr-equal-height-no\" data-id=\"b9cbdf7\" data-element_type=\"section\" data-e-type=\"section\" data-settings=\"{&quot;stretch_section&quot;:&quot;section-stretched&quot;}\">\n\t\t\t\t\t\t<div class=\"elementor-container elementor-column-gap-default\">\n\t\t\t\t\t<div class=\"elementor-column elementor-col-100 elementor-top-column elementor-element elementor-element-359035c\" data-id=\"359035c\" data-element_type=\"column\" data-e-type=\"column\">\n\t\t\t<div class=\"elementor-widget-wrap elementor-element-populated\">\n\t\t\t\t\t\t<div class=\"elementor-element elementor-element-4aec798 elementor-widget elementor-widget-text-editor\" data-id=\"4aec798\" data-element_type=\"widget\" data-e-type=\"widget\" data-widget_type=\"text-editor.default\">\n\t\t\t\t<div class=\"elementor-widget-container\">\n\t\t\t\t\t\t\t\t\t<p>Il est n\u00e9cessaire de changer de paradigme sur les politiques li\u00e9es \u00e0 l\u2019alimentation. De nombreuses \u00e9tudes ont montr\u00e9 que l\u2019approche par la responsabilit\u00e9 individuelle, le principe du \u201cconsom\u2019acteur\u201d, \u00e9tait insuffisante voire contre-productive. <strong><span style=\"text-decoration: underline;\"><span style=\"color: #5ebc3d; text-decoration: underline;\"><a style=\"color: #5ebc3d; text-decoration: underline;\" href=\"https:\/\/www.iddri.org\/sites\/default\/files\/PDF\/Publications\/Catalogue%20Iddri\/Etude\/202304-ST0123-SNANC.pdf\" target=\"_blank\" rel=\"noopener\">L\u2019approche via une action sur l\u2019environnement alimentaire, qu\u2019il soit physique, \u00e9conomique, socio-culturel ou cognitif, doit \u00eatre aujourd\u2019hui prioritaire.<\/a><\/span><\/span><\/strong><\/p>\t\t\t\t\t\t\t\t<\/div>\n\t\t\t\t<\/div>\n\t\t\t\t\t<\/div>\n\t\t<\/div>\n\t\t\t\t\t<\/div>\n\t\t<\/section>\n\t\t\t\t<section class=\"elementor-section elementor-top-section elementor-element elementor-element-4a13718 elementor-section-stretched elementor-section-boxed elementor-section-height-default elementor-section-height-default wpr-particle-no wpr-jarallax-no wpr-parallax-no wpr-sticky-section-no wpr-equal-height-no\" data-id=\"4a13718\" data-element_type=\"section\" data-e-type=\"section\" data-settings=\"{&quot;stretch_section&quot;:&quot;section-stretched&quot;}\">\n\t\t\t\t\t\t<div class=\"elementor-container elementor-column-gap-default\">\n\t\t\t\t\t<div class=\"elementor-column elementor-col-100 elementor-top-column elementor-element elementor-element-f7bd86d\" data-id=\"f7bd86d\" data-element_type=\"column\" data-e-type=\"column\">\n\t\t\t<div class=\"elementor-widget-wrap elementor-element-populated\">\n\t\t\t\t\t\t<div class=\"elementor-element elementor-element-4d69b5e elementor-widget elementor-widget-text-editor\" data-id=\"4d69b5e\" data-element_type=\"widget\" data-e-type=\"widget\" data-widget_type=\"text-editor.default\">\n\t\t\t\t<div class=\"elementor-widget-container\">\n\t\t\t\t\t\t\t\t\t<p><strong>Nos principales recommandations<\/strong><\/p><p><strong>1. L\u2019augmentation des capacit\u00e9s financi\u00e8res des m\u00e9nages, en particulier en situation de pr\u00e9carit\u00e9.<\/strong><\/p><p><strong>2. Faire cro\u00eetre le volet local et mieux orienter l\u2019action du fonds \u201cMieux Manger pour Tous\u201d pour sortir de la logique distributive comme moyen de lutte contre la pr\u00e9carit\u00e9 alimentaire et aller vers des dispositifs d\u2019acc\u00e8s \u00e0 une alimentation choisie.<\/strong><\/p>\t\t\t\t\t\t\t\t<\/div>\n\t\t\t\t<\/div>\n\t\t\t\t\t<\/div>\n\t\t<\/div>\n\t\t\t\t\t<\/div>\n\t\t<\/section>\n\t\t\t\t<section class=\"elementor-section elementor-top-section elementor-element elementor-element-7b98404 elementor-section-stretched elementor-section-boxed elementor-section-height-default elementor-section-height-default wpr-particle-no wpr-jarallax-no wpr-parallax-no wpr-sticky-section-no wpr-equal-height-no\" data-id=\"7b98404\" data-element_type=\"section\" data-e-type=\"section\" data-settings=\"{&quot;stretch_section&quot;:&quot;section-stretched&quot;}\">\n\t\t\t\t\t\t<div class=\"elementor-container elementor-column-gap-default\">\n\t\t\t\t\t<div class=\"elementor-column elementor-col-100 elementor-top-column elementor-element elementor-element-35d57ab\" data-id=\"35d57ab\" data-element_type=\"column\" data-e-type=\"column\">\n\t\t\t<div class=\"elementor-widget-wrap elementor-element-populated\">\n\t\t\t\t\t\t<div class=\"elementor-element elementor-element-4668501 elementor-widget elementor-widget-text-editor\" data-id=\"4668501\" data-element_type=\"widget\" data-e-type=\"widget\" data-widget_type=\"text-editor.default\">\n\t\t\t\t<div class=\"elementor-widget-container\">\n\t\t\t\t\t\t\t\t\t<p>Le nombre important de r\u00e9ponses (malgr\u00e9 un temps r\u00e9duit) au volet local du fonds Mieux Manger pour Tous prouve que le tissu associatif et les collectivit\u00e9s locales sont pr\u00eats \u00e0 faire \u00e9merger de nouvelles solidarit\u00e9s alimentaires. Il s\u2019agit donc de soutenir ce dynamisme par une hausse et une meilleure orientation des cr\u00e9dits accord\u00e9s au volet local du fonds Mieux Manger Pour Tous.<\/p><p>Cet engagement fait \u00e9cho aux recommandations du HCSP qui d\u00e9fend le soutien d\u2019initiatives proposant des tarifs diff\u00e9renci\u00e9s telles que les \u00e9piceries sociales et solidaires, les groupements d\u2019achats, les paniers solidaires ou les transferts mon\u00e9taires. Cela int\u00e8gre aussi le soutien aux exp\u00e9rimentations de transferts mon\u00e9taires ou de caisses communes de l\u2019alimentation telles que d\u00e9velopp\u00e9es \u00e0 Montpellier dans le cadre de <strong><span style=\"text-decoration: underline; color: #5ebc3d;\"><a style=\"color: #5ebc3d; text-decoration: underline;\" href=\"https:\/\/www.territoires-a-vivres.xyz\/?PagePrincipale\" target=\"_blank\" rel=\"noopener\">Territoire \u00e0 VivreS<\/a> <\/span><\/strong>ou \u00e0 Cadenet dans le Vaucluse. Ces dispositifs doivent \u00eat<span style=\"color: var( --e-global-color-text ); background-color: var(--nv-site-bg); letter-spacing: var(--bodyletterspacing); text-transform: var(--bodytexttransform);\">re reconnus par leur capacit\u00e9 \u00e0 \u00eatre un levier aux politiques de souverainet\u00e9 alimentaire et de sensibilisation des citoyens aux enjeux li\u00e9s \u00e0 notre alimentation.<\/span><\/p>\t\t\t\t\t\t\t\t<\/div>\n\t\t\t\t<\/div>\n\t\t\t\t\t<\/div>\n\t\t<\/div>\n\t\t\t\t\t<\/div>\n\t\t<\/section>\n\t\t\t\t<section class=\"elementor-section elementor-top-section elementor-element elementor-element-26fbb1d elementor-section-stretched elementor-section-boxed elementor-section-height-default elementor-section-height-default wpr-particle-no wpr-jarallax-no wpr-parallax-no wpr-sticky-section-no wpr-equal-height-no\" data-id=\"26fbb1d\" data-element_type=\"section\" data-e-type=\"section\" data-settings=\"{&quot;stretch_section&quot;:&quot;section-stretched&quot;}\">\n\t\t\t\t\t\t<div class=\"elementor-container elementor-column-gap-default\">\n\t\t\t\t\t<div class=\"elementor-column elementor-col-100 elementor-top-column elementor-element elementor-element-cf1b4e8\" data-id=\"cf1b4e8\" data-element_type=\"column\" data-e-type=\"column\">\n\t\t\t<div class=\"elementor-widget-wrap elementor-element-populated\">\n\t\t\t\t\t\t<div class=\"elementor-element elementor-element-845cc6d elementor-widget elementor-widget-text-editor\" data-id=\"845cc6d\" data-element_type=\"widget\" data-e-type=\"widget\" data-widget_type=\"text-editor.default\">\n\t\t\t\t<div class=\"elementor-widget-container\">\n\t\t\t\t\t\t\t\t\t<p><strong>3. <\/strong><!--[if gte mso 9]><xml>\n <w:WordDocument>\n  <w:View>Normal<\/w:View>\n  <w:Zoom>0<\/w:Zoom>\n  <w:TrackMoves\/>\n  <w:TrackFormatting\/>\n  <w:HyphenationZone>21<\/w:HyphenationZone>\n  <w:PunctuationKerning\/>\n  <w:ValidateAgainstSchemas\/>\n  <w:SaveIfXMLInvalid>false<\/w:SaveIfXMLInvalid>\n  <w:IgnoreMixedContent>false<\/w:IgnoreMixedContent>\n  <w:AlwaysShowPlaceholderText>false<\/w:AlwaysShowPlaceholderText>\n  <w:DoNotPromoteQF\/>\n  <w:LidThemeOther>FR<\/w:LidThemeOther>\n  <w:LidThemeAsian>X-NONE<\/w:LidThemeAsian>\n  <w:LidThemeComplexScript>X-NONE<\/w:LidThemeComplexScript>\n  <w:Compatibility>\n   <w:BreakWrappedTables\/>\n   <w:SnapToGridInCell\/>\n   <w:WrapTextWithPunct\/>\n   <w:UseAsianBreakRules\/>\n   <w:DontGrowAutofit\/>\n   <w:SplitPgBreakAndParaMark\/>\n   <w:EnableOpenTypeKerning\/>\n   <w:DontFlipMirrorIndents\/>\n   <w:OverrideTableStyleHps\/>\n  <\/w:Compatibility>\n  <w:DoNotOptimizeForBrowser\/>\n  <m:mathPr>\n   <m:mathFont m:val=\"Cambria Math\"\/>\n   <m:brkBin m:val=\"before\"\/>\n   <m:brkBinSub m:val=\"&#45;-\"\/>\n   <m:smallFrac m:val=\"off\"\/>\n   <m:dispDef\/>\n   <m:lMargin m:val=\"0\"\/>\n   <m:rMargin m:val=\"0\"\/>\n   <m:defJc m:val=\"centerGroup\"\/>\n   <m:wrapIndent m:val=\"1440\"\/>\n   <m:intLim m:val=\"subSup\"\/>\n   <m:naryLim m:val=\"undOvr\"\/>\n  <\/m:mathPr><\/w:WordDocument>\n<\/xml><![endif]--><b style=\"mso-bidi-font-weight:normal\">Faire\n     de la restauration collective un levier plus franc d\u2019une offre alimentaire\n     durable plus accessible<\/b><\/p>\t\t\t\t\t\t\t\t<\/div>\n\t\t\t\t<\/div>\n\t\t\t\t\t<\/div>\n\t\t<\/div>\n\t\t\t\t\t<\/div>\n\t\t<\/section>\n\t\t\t\t<section class=\"elementor-section elementor-top-section elementor-element elementor-element-5aaef5f elementor-section-stretched elementor-section-boxed elementor-section-height-default elementor-section-height-default wpr-particle-no wpr-jarallax-no wpr-parallax-no wpr-sticky-section-no wpr-equal-height-no\" data-id=\"5aaef5f\" data-element_type=\"section\" data-e-type=\"section\" data-settings=\"{&quot;stretch_section&quot;:&quot;section-stretched&quot;}\">\n\t\t\t\t\t\t<div class=\"elementor-container elementor-column-gap-default\">\n\t\t\t\t\t<div class=\"elementor-column elementor-col-100 elementor-top-column elementor-element elementor-element-9010dec\" data-id=\"9010dec\" data-element_type=\"column\" data-e-type=\"column\">\n\t\t\t<div class=\"elementor-widget-wrap elementor-element-populated\">\n\t\t\t\t\t\t<div class=\"elementor-element elementor-element-76eba57 elementor-widget elementor-widget-text-editor\" data-id=\"76eba57\" data-element_type=\"widget\" data-e-type=\"widget\" data-widget_type=\"text-editor.default\">\n\t\t\t\t<div class=\"elementor-widget-container\">\n\t\t\t\t\t\t\t\t\t<p>Nous accueillons positivement les diff\u00e9rentes annonces li\u00e9es \u00e0 la cantines scolaire dans le Pacte des Solidarit\u00e9s &#8211; notamment\u00a0 la prolongation du dispositif des cantines \u00e0 1 euro pour les petites communes rurales ou le renforcement du soutien de l\u2019Etat de 3\u20ac \u00e0 4\u20ac par repas tarif\u00e9 \u00e0 moins d\u20191\u20ac pour toutes les cantines qui s&rsquo;engagent pour respecter les objectifs fix\u00e9s par la loi EGALIM ou encore l\u2019extension du soutien de l&rsquo;\u00c9tat aux coll\u00e8ges de REP\/REP+ pour mettre en place la tarification sociale. Tout cela r\u00e9pond \u00e0 de r\u00e9els besoins des communes.<\/p><p>Rappelons n\u00e9anmoins que la cible de 200 000 enfants touch\u00e9s reste insuffisante quand, en 2018, l\u2019Insee recensait encore 831 000 enfants pauvres \u00e2g\u00e9s de 6 \u00e0 10 ans en France (soit 20% de cette classe d\u2019\u00e2ge). Aussi, nous restons vigilants sur la mise \u00e0 disposition des moyens n\u00e9cessaires de la part de l\u2019Etat pour soutenir les d\u00e9partements, ainsi que sur la cible et le calendrier de mise en \u0153uvre de ces diverses mesures.<\/p><p>Pour finir, nous sommes toujours convaincus que la g\u00e9n\u00e9ralisation de la tarification sociale depuis le primaire jusqu\u2019au sup\u00e9rieur permettrait d\u2019am\u00e9liorer les niveaux de fr\u00e9quentation pour les familles plus d\u00e9favoris\u00e9es. Pour ce faire, nous sommes toujours en attente d\u2019un premier rapport d\u2019\u00e9tat des lieux des dispositifs d\u2019acc\u00e8s financiers \u00e0 la cantine en France.<\/p>\t\t\t\t\t\t\t\t<\/div>\n\t\t\t\t<\/div>\n\t\t\t\t\t<\/div>\n\t\t<\/div>\n\t\t\t\t\t<\/div>\n\t\t<\/section>\n\t\t\t\t<section class=\"elementor-section elementor-top-section elementor-element elementor-element-d83fe73 elementor-section-stretched elementor-section-boxed elementor-section-height-default elementor-section-height-default wpr-particle-no wpr-jarallax-no wpr-parallax-no wpr-sticky-section-no wpr-equal-height-no\" data-id=\"d83fe73\" data-element_type=\"section\" data-e-type=\"section\" data-settings=\"{&quot;stretch_section&quot;:&quot;section-stretched&quot;}\">\n\t\t\t\t\t\t<div class=\"elementor-container elementor-column-gap-default\">\n\t\t\t\t\t<div class=\"elementor-column elementor-col-100 elementor-top-column elementor-element elementor-element-35987e7\" data-id=\"35987e7\" data-element_type=\"column\" data-e-type=\"column\">\n\t\t\t<div class=\"elementor-widget-wrap elementor-element-populated\">\n\t\t\t\t\t\t<div class=\"elementor-element elementor-element-300a81b elementor-widget elementor-widget-text-editor\" data-id=\"300a81b\" data-element_type=\"widget\" data-e-type=\"widget\" data-widget_type=\"text-editor.default\">\n\t\t\t\t<div class=\"elementor-widget-container\">\n\t\t\t\t\t\t\t\t\t<p><strong>4. S\u2019assurer de la disponibilit\u00e9 d\u2019une offre alimentaire de qualit\u00e9 pour tous et toutes dans tous les territoires et notamment les Outremers, les quartiers prioritaires et les zones rurales.<\/strong><\/p>\t\t\t\t\t\t\t\t<\/div>\n\t\t\t\t<\/div>\n\t\t\t\t\t<\/div>\n\t\t<\/div>\n\t\t\t\t\t<\/div>\n\t\t<\/section>\n\t\t\t\t<section class=\"elementor-section elementor-top-section elementor-element elementor-element-6096363 elementor-section-stretched elementor-section-boxed elementor-section-height-default elementor-section-height-default wpr-particle-no wpr-jarallax-no wpr-parallax-no wpr-sticky-section-no wpr-equal-height-no\" data-id=\"6096363\" data-element_type=\"section\" data-e-type=\"section\" data-settings=\"{&quot;stretch_section&quot;:&quot;section-stretched&quot;}\">\n\t\t\t\t\t\t<div class=\"elementor-container elementor-column-gap-default\">\n\t\t\t\t\t<div class=\"elementor-column elementor-col-100 elementor-top-column elementor-element elementor-element-960d0a5\" data-id=\"960d0a5\" data-element_type=\"column\" data-e-type=\"column\">\n\t\t\t<div class=\"elementor-widget-wrap elementor-element-populated\">\n\t\t\t\t\t\t<div class=\"elementor-element elementor-element-ed22d63 elementor-widget elementor-widget-text-editor\" data-id=\"ed22d63\" data-element_type=\"widget\" data-e-type=\"widget\" data-widget_type=\"text-editor.default\">\n\t\t\t\t<div class=\"elementor-widget-container\">\n\t\t\t\t\t\t\t\t\t<p>Nous avons bien not\u00e9 le d\u00e9ploiement des petits-d\u00e9jeuners \u00e0 l\u2019\u00e9cole en Outre-Mer et leur renforcement dans les territoires les plus fragiles de l\u2019hexagone annonc\u00e9 dans le Pacte des solidarit\u00e9s, et cela nous para\u00eet aller dans le bon sens. Reste n\u00e9anmoins \u00e0 pr\u00e9ciser le nombre d\u2019enfants qui seront touch\u00e9s par cette mesure.<\/p><p>De plus, il s\u2019agit aujourd\u2019hui d\u2019agir davantage contre la pr\u00e9carit\u00e9 alimentaire dans ces territoires en luttant contre les d\u00e9serts alimentaires<a href=\"#_ftn1\" name=\"_ftnref1\"><sup>[3]<\/sup><\/a> par la mise en place de dispositifs permettant un acc\u00e8s \u00e0 une alimentation de qualit\u00e9 pour tous, en mobilisant les dispositifs de revitalisation (C\u0153ur de Villes, soutien \u00e0 l\u2019installation de commerces en zone rurale, \u2026). Pour ce faire, nous soutenons notamment l\u2019implantation d\u2019\u00e9piceries sociales et solidaires, de groupements d\u2019achat ou de maisons de l\u2019alimentation durable ouvertes \u00e0 tous avec des tarifs adapt\u00e9s selon les moyens. Ces lieux sont de v\u00e9ritables espaces de vie o\u00f9 sont propos\u00e9es des animations autour de l\u2019alimentation avec des pratiques \u00ab d\u2019allers vers \u00bb en partant des besoins des habitants.<\/p>\t\t\t\t\t\t\t\t<\/div>\n\t\t\t\t<\/div>\n\t\t\t\t\t<\/div>\n\t\t<\/div>\n\t\t\t\t\t<\/div>\n\t\t<\/section>\n\t\t\t\t<section class=\"elementor-section elementor-top-section elementor-element elementor-element-2cbd8c8 elementor-section-stretched elementor-section-boxed elementor-section-height-default elementor-section-height-default wpr-particle-no wpr-jarallax-no wpr-parallax-no wpr-sticky-section-no wpr-equal-height-no\" data-id=\"2cbd8c8\" data-element_type=\"section\" data-e-type=\"section\" data-settings=\"{&quot;stretch_section&quot;:&quot;section-stretched&quot;}\">\n\t\t\t\t\t\t<div class=\"elementor-container elementor-column-gap-default\">\n\t\t\t\t\t<div class=\"elementor-column elementor-col-100 elementor-top-column elementor-element elementor-element-977527a\" data-id=\"977527a\" data-element_type=\"column\" data-e-type=\"column\">\n\t\t\t<div class=\"elementor-widget-wrap elementor-element-populated\">\n\t\t\t\t\t\t<div class=\"elementor-element elementor-element-fc8a3c8 elementor-widget elementor-widget-text-editor\" data-id=\"fc8a3c8\" data-element_type=\"widget\" data-e-type=\"widget\" data-widget_type=\"text-editor.default\">\n\t\t\t\t<div class=\"elementor-widget-container\">\n\t\t\t\t\t\t\t\t\t<p><strong>5. Encadrer le taux de marge appliqu\u00e9 par la grande distribution sur les produits issus de l\u2019agriculture biologique afin de les rendre plus accessibles tout en veillant \u00e0 garantir une meilleure r\u00e9mun\u00e9ration aux agriculteurs et assurer une meilleure transparence sur les prix de l\u2019alimentation.<\/strong><\/p><p><strong>6. R\u00e9guler la publicit\u00e9 pour les produits les plus mal not\u00e9s par le NutriScore et l\u2019affichage environnemental \u00e0 la t\u00e9l\u00e9vision et radio \u00e0 heure de grande \u00e9coute, avec une attention particuli\u00e8re pour le jeune public.<\/strong><\/p><p><strong>7. Donner les moyens au PAT pour en faire des outils de construction de territoires r\u00e9silients et inclusifs.<\/strong><\/p>\t\t\t\t\t\t\t\t<\/div>\n\t\t\t\t<\/div>\n\t\t\t\t\t<\/div>\n\t\t<\/div>\n\t\t\t\t\t<\/div>\n\t\t<\/section>\n\t\t\t\t<section class=\"elementor-section elementor-top-section elementor-element elementor-element-cfe3a7e elementor-section-stretched elementor-section-boxed elementor-section-height-default elementor-section-height-default wpr-particle-no wpr-jarallax-no wpr-parallax-no wpr-sticky-section-no wpr-equal-height-no\" data-id=\"cfe3a7e\" data-element_type=\"section\" data-e-type=\"section\" data-settings=\"{&quot;stretch_section&quot;:&quot;section-stretched&quot;}\">\n\t\t\t\t\t\t<div class=\"elementor-container elementor-column-gap-default\">\n\t\t\t\t\t<div class=\"elementor-column elementor-col-100 elementor-top-column elementor-element elementor-element-2a2ed80\" data-id=\"2a2ed80\" data-element_type=\"column\" data-e-type=\"column\">\n\t\t\t<div class=\"elementor-widget-wrap elementor-element-populated\">\n\t\t\t\t\t\t<div class=\"elementor-element elementor-element-a651888 elementor-widget elementor-widget-text-editor\" data-id=\"a651888\" data-element_type=\"widget\" data-e-type=\"widget\" data-widget_type=\"text-editor.default\">\n\t\t\t\t<div class=\"elementor-widget-container\">\n\t\t\t\t\t\t\t\t\t<p>L\u2019annonce d\u2019un soutien au volet social des Projets alimentaires territoriaux dans le Pacte des Solidarit\u00e9s est un bon signe. Toutefois, nous nous interrogeons sur le montant du budget qui sera allou\u00e9 pour ce faire, qui n\u2019a pas encore \u00e9t\u00e9 pr\u00e9cis\u00e9. Pour rappel, notre pr\u00e9conisation s\u2019\u00e9l\u00e8ve \u00e0 un budget minimal de 4 millions d\u2019euros sur 24 mois, soit 2 millions d\u2019euros par an, pour aller ensuite vers la p\u00e9rennisation de cette enveloppe. Nous reprenons aussi l\u2019id\u00e9e d\u2019une contractualisation avec l\u2019Etat faisant \u00e9voluer les PAT en contrats alimentaires territoriaux r\u00e9pondant aux objectifs de la SNANC et adoptant une vision syst\u00e9mique de l\u2019alimentation (en prenant en compte les enjeux de sant\u00e9 publique, justice sociale, d\u2019environnement ou de d\u00e9mocratie). Ces derniers devront se baser sur un diagnostic territorial r\u00e9alis\u00e9 de mani\u00e8re inclusive.<\/p>\t\t\t\t\t\t\t\t<\/div>\n\t\t\t\t<\/div>\n\t\t\t\t\t<\/div>\n\t\t<\/div>\n\t\t\t\t\t<\/div>\n\t\t<\/section>\n\t\t\t\t<section class=\"elementor-section elementor-top-section elementor-element elementor-element-320d80c elementor-section-stretched elementor-section-boxed elementor-section-height-default elementor-section-height-default wpr-particle-no wpr-jarallax-no wpr-parallax-no wpr-sticky-section-no wpr-equal-height-no\" data-id=\"320d80c\" data-element_type=\"section\" data-e-type=\"section\" data-settings=\"{&quot;stretch_section&quot;:&quot;section-stretched&quot;}\">\n\t\t\t\t\t\t<div class=\"elementor-container elementor-column-gap-default\">\n\t\t\t\t\t<div class=\"elementor-column elementor-col-100 elementor-top-column elementor-element elementor-element-c0a3bd5\" data-id=\"c0a3bd5\" data-element_type=\"column\" data-e-type=\"column\">\n\t\t\t<div class=\"elementor-widget-wrap elementor-element-populated\">\n\t\t\t\t\t\t<div class=\"elementor-element elementor-element-32d5258 elementor-widget elementor-widget-text-editor\" data-id=\"32d5258\" data-element_type=\"widget\" data-e-type=\"widget\" data-widget_type=\"text-editor.default\">\n\t\t\t\t<div class=\"elementor-widget-container\">\n\t\t\t\t\t\t\t\t\t<p><strong>8. Faire vivre la SNANC par un dispositif citoyen inclusif et proposer un d\u00e9l\u00e9gu\u00e9 interminist\u00e9riel charg\u00e9 de son suivi.<\/strong><\/p>\t\t\t\t\t\t\t\t<\/div>\n\t\t\t\t<\/div>\n\t\t\t\t\t<\/div>\n\t\t<\/div>\n\t\t\t\t\t<\/div>\n\t\t<\/section>\n\t\t\t\t<section class=\"elementor-section elementor-top-section elementor-element elementor-element-fcac0ad elementor-section-boxed elementor-section-height-default elementor-section-height-default wpr-particle-no wpr-jarallax-no wpr-parallax-no wpr-sticky-section-no wpr-equal-height-no\" data-id=\"fcac0ad\" data-element_type=\"section\" data-e-type=\"section\">\n\t\t\t\t\t\t<div class=\"elementor-container elementor-column-gap-default\">\n\t\t\t\t\t<div class=\"elementor-column elementor-col-100 elementor-top-column elementor-element elementor-element-156409d\" data-id=\"156409d\" data-element_type=\"column\" data-e-type=\"column\">\n\t\t\t<div class=\"elementor-widget-wrap elementor-element-populated\">\n\t\t\t\t\t\t<div class=\"elementor-element elementor-element-689bfe2 elementor-align-center elementor-widget elementor-widget-button\" data-id=\"689bfe2\" data-element_type=\"widget\" data-e-type=\"widget\" data-widget_type=\"button.default\">\n\t\t\t\t<div class=\"elementor-widget-container\">\n\t\t\t\t\t\t\t\t\t<div class=\"elementor-button-wrapper\">\n\t\t\t\t\t<a class=\"elementor-button elementor-button-link elementor-size-md elementor-animation-sink\" href=\"https:\/\/ugess.org\/wp-content\/uploads\/2023\/11\/251023-note-SNANC-actualisee.docx.pdf\" target=\"_blank\">\n\t\t\t\t\t\t<span class=\"elementor-button-content-wrapper\">\n\t\t\t\t\t\t\t\t\t<span class=\"elementor-button-text\">T\u00e9l\u00e9charger la note<\/span>\n\t\t\t\t\t<\/span>\n\t\t\t\t\t<\/a>\n\t\t\t\t<\/div>\n\t\t\t\t\t\t\t\t<\/div>\n\t\t\t\t<\/div>\n\t\t\t\t\t<\/div>\n\t\t<\/div>\n\t\t\t\t\t<\/div>\n\t\t<\/section>\n\t\t\t\t<section class=\"elementor-section elementor-top-section elementor-element elementor-element-e24fedd elementor-section-boxed elementor-section-height-default elementor-section-height-default wpr-particle-no wpr-jarallax-no wpr-parallax-no wpr-sticky-section-no wpr-equal-height-no\" data-id=\"e24fedd\" data-element_type=\"section\" data-e-type=\"section\">\n\t\t\t\t\t\t<div class=\"elementor-container elementor-column-gap-default\">\n\t\t\t\t\t<div class=\"elementor-column elementor-col-100 elementor-top-column elementor-element elementor-element-2cf77da\" data-id=\"2cf77da\" data-element_type=\"column\" data-e-type=\"column\">\n\t\t\t<div class=\"elementor-widget-wrap elementor-element-populated\">\n\t\t\t\t\t\t<div class=\"elementor-element elementor-element-8d0d6bd elementor-widget elementor-widget-spacer\" data-id=\"8d0d6bd\" data-element_type=\"widget\" data-e-type=\"widget\" data-widget_type=\"spacer.default\">\n\t\t\t\t<div class=\"elementor-widget-container\">\n\t\t\t\t\t\t\t<div class=\"elementor-spacer\">\n\t\t\t<div class=\"elementor-spacer-inner\"><\/div>\n\t\t<\/div>\n\t\t\t\t\t\t<\/div>\n\t\t\t\t<\/div>\n\t\t\t\t\t<\/div>\n\t\t<\/div>\n\t\t\t\t\t<\/div>\n\t\t<\/section>\n\t\t\t\t<section class=\"elementor-section elementor-top-section elementor-element elementor-element-eb746ea elementor-section-stretched elementor-section-boxed elementor-section-height-default elementor-section-height-default wpr-particle-no wpr-jarallax-no wpr-parallax-no wpr-sticky-section-no wpr-equal-height-no\" data-id=\"eb746ea\" data-element_type=\"section\" data-e-type=\"section\" data-settings=\"{&quot;stretch_section&quot;:&quot;section-stretched&quot;}\">\n\t\t\t\t\t\t<div class=\"elementor-container elementor-column-gap-default\">\n\t\t\t\t\t<div class=\"elementor-column elementor-col-100 elementor-top-column elementor-element elementor-element-3cb034b\" data-id=\"3cb034b\" data-element_type=\"column\" data-e-type=\"column\">\n\t\t\t<div class=\"elementor-widget-wrap elementor-element-populated\">\n\t\t\t\t\t\t<div class=\"elementor-element elementor-element-b89944f elementor-widget elementor-widget-heading\" data-id=\"b89944f\" data-element_type=\"widget\" data-e-type=\"widget\" data-widget_type=\"heading.default\">\n\t\t\t\t<div class=\"elementor-widget-container\">\n\t\t\t\t\t<h2 class=\"elementor-heading-title elementor-size-default\">Contacts<\/h2>\t\t\t\t<\/div>\n\t\t\t\t<\/div>\n\t\t\t\t\t<\/div>\n\t\t<\/div>\n\t\t\t\t\t<\/div>\n\t\t<\/section>\n\t\t\t\t<section class=\"elementor-section elementor-top-section elementor-element elementor-element-202947a elementor-section-stretched elementor-section-boxed elementor-section-height-default elementor-section-height-default wpr-particle-no wpr-jarallax-no wpr-parallax-no wpr-sticky-section-no wpr-equal-height-no\" data-id=\"202947a\" data-element_type=\"section\" data-e-type=\"section\" data-settings=\"{&quot;stretch_section&quot;:&quot;section-stretched&quot;}\">\n\t\t\t\t\t\t<div class=\"elementor-container elementor-column-gap-default\">\n\t\t\t\t\t<div class=\"elementor-column elementor-col-100 elementor-top-column elementor-element elementor-element-67fff03\" data-id=\"67fff03\" data-element_type=\"column\" data-e-type=\"column\">\n\t\t\t<div class=\"elementor-widget-wrap elementor-element-populated\">\n\t\t\t\t\t\t<div class=\"elementor-element elementor-element-3541f0b elementor-widget elementor-widget-text-editor\" data-id=\"3541f0b\" data-element_type=\"widget\" data-e-type=\"widget\" data-widget_type=\"text-editor.default\">\n\t\t\t\t<div class=\"elementor-widget-container\">\n\t\t\t\t\t\t\t\t\t<p><strong>Action Contre la Faim<\/strong> H\u00e9l\u00e8ne QUEAU, Directrice Pays &#8211; Mission France &#8211; 06 60 76 45 58 &#8211; <span style=\"text-decoration: underline;\"><strong><span style=\"color: #5ebc3d;\"><a style=\"color: #5ebc3d; text-decoration: underline;\" href=\"mailto:coordo@fr-actioncontrelafaim.org\">coordo@fr-actioncontrelafaim.org<\/a><\/span><\/strong><\/span><\/p><p><strong>R\u00e9seau CIVAM <\/strong>Cl\u00e9ment COULET, Coordinateur national Acc\u00e8s \u00e0 l\u2019alimentation &#8211; 06 28 38 06 18 &#8211;<strong><span style=\"text-decoration: underline;\"><span style=\"color: #5ebc3d;\"><a style=\"color: #5ebc3d; text-decoration: underline;\" href=\"mailto:clement.coulet@civam.org\">clement.coulet@civam.org<\/a><\/span><\/span><\/strong><\/p><p><strong>Secours Catholique &#8211; Caritas France <\/strong>Astrid AULANIER, Charg\u00e9e de plaidoyer Acc\u00e8s digne \u00e0 l\u2019alimentation durable &#8211; 07 64 10 67 36\u00a0 \u2013 <strong><span style=\"text-decoration: underline;\"><span style=\"color: #5ebc3d;\"><a style=\"color: #5ebc3d; text-decoration: underline;\" href=\"mailto:astrid.aulanier@secours-catholique.org\">astrid.aulanier@secours-catholique.org<\/a><\/span><\/span><\/strong><\/p><p><strong>Union nationale des Groupements des \u00c9piceries Sociales et Solidaires (UGESS) <\/strong>Maxime FRITZEN, Co-directeur en charge du plaidoyer &#8211; 06 14 28 33 55 &#8211; <strong><span style=\"text-decoration: underline;\"><span style=\"color: #5ebc3d;\"><a style=\"color: #5ebc3d; text-decoration: underline;\" href=\"mailto:maxime.fritzen@ugess.org\">maxime.fritzen@ugess.org<\/a><\/span><\/span><\/strong><\/p><p><strong>VRAC France <\/strong>Elsa DUPARAY, Charg\u00e9e de communication et relations publiques &#8211; 06 30 12 58 71 &#8211; <strong><span style=\"text-decoration: underline;\"><span style=\"color: #5ebc3d; text-decoration: underline;\"><a style=\"color: #5ebc3d; text-decoration: underline;\" href=\"mailto:elsa@vrac-asso.org\">elsa@vrac-asso.or<\/a>g<\/span><\/span><\/strong><\/p>\t\t\t\t\t\t\t\t<\/div>\n\t\t\t\t<\/div>\n\t\t\t\t\t<\/div>\n\t\t<\/div>\n\t\t\t\t\t<\/div>\n\t\t<\/section>\n\t\t\t\t<section class=\"elementor-section elementor-top-section elementor-element elementor-element-0e9d0ed elementor-section-boxed elementor-section-height-default elementor-section-height-default wpr-particle-no wpr-jarallax-no wpr-parallax-no wpr-sticky-section-no wpr-equal-height-no\" data-id=\"0e9d0ed\" data-element_type=\"section\" data-e-type=\"section\">\n\t\t\t\t\t\t<div class=\"elementor-container elementor-column-gap-default\">\n\t\t\t\t\t<div class=\"elementor-column elementor-col-100 elementor-top-column elementor-element elementor-element-093d99d\" data-id=\"093d99d\" data-element_type=\"column\" data-e-type=\"column\">\n\t\t\t<div class=\"elementor-widget-wrap elementor-element-populated\">\n\t\t\t\t\t\t<div class=\"elementor-element elementor-element-0f2cb69 elementor-widget-divider--view-line elementor-widget elementor-widget-divider\" data-id=\"0f2cb69\" data-element_type=\"widget\" data-e-type=\"widget\" data-widget_type=\"divider.default\">\n\t\t\t\t<div class=\"elementor-widget-container\">\n\t\t\t\t\t\t\t<div class=\"elementor-divider\">\n\t\t\t<span class=\"elementor-divider-separator\">\n\t\t\t\t\t\t<\/span>\n\t\t<\/div>\n\t\t\t\t\t\t<\/div>\n\t\t\t\t<\/div>\n\t\t\t\t\t<\/div>\n\t\t<\/div>\n\t\t\t\t\t<\/div>\n\t\t<\/section>\n\t\t\t\t<section class=\"elementor-section elementor-top-section elementor-element elementor-element-7a08390 elementor-section-stretched elementor-section-boxed elementor-section-height-default elementor-section-height-default wpr-particle-no wpr-jarallax-no wpr-parallax-no wpr-sticky-section-no wpr-equal-height-no\" data-id=\"7a08390\" data-element_type=\"section\" data-e-type=\"section\" data-settings=\"{&quot;stretch_section&quot;:&quot;section-stretched&quot;}\">\n\t\t\t\t\t\t<div class=\"elementor-container elementor-column-gap-default\">\n\t\t\t\t\t<div class=\"elementor-column elementor-col-100 elementor-top-column elementor-element elementor-element-f92242f\" data-id=\"f92242f\" data-element_type=\"column\" data-e-type=\"column\">\n\t\t\t<div class=\"elementor-widget-wrap elementor-element-populated\">\n\t\t\t\t\t\t<div class=\"elementor-element elementor-element-1790bdf elementor-widget elementor-widget-text-editor\" data-id=\"1790bdf\" data-element_type=\"widget\" data-e-type=\"widget\" data-widget_type=\"text-editor.default\">\n\t\t\t\t<div class=\"elementor-widget-container\">\n\t\t\t\t\t\t\t\t\t<p>[1] Chiffres Direction G\u00e9n\u00e9rale de la Coh\u00e9sion Sociale<\/p><p>[2] Fontbonne A, Currie A, Tounian P, Picot M-C, Foulatier O, Nedelcu M, Nocca D. Prevalence of Overweight and Obesity in France: The 2020 Obepi-Roche Study by the \u201cLigue Contre l\u2019Ob\u00e9sit\u00e9\u201d. <em>Journal of Clinical Medicine<\/em>. 2023; 12(3):925.\u00a0<\/p><p>[3] Les d\u00e9serts alimentaires d\u00e9signent des espaces pr\u00e9sentant une tr\u00e8s faible accessibilit\u00e9 physique et \u00e9conomique des habitants \u00e0 une offre alimentaire consid\u00e9r\u00e9e \u201csaine\u201d. Les bourbiers alimentaires font r\u00e9f\u00e9rence \u00e0 des quartiers dans lesquels une offre alimentaire \u00ab saine \u00bb existe mais est noy\u00e9e au milieu de l\u2019offre d\u2019aliments et de boissons \u00e0 forte densit\u00e9 calorifique. (Simon Vonthron. Offre commerciale alimentaire et pratiques spatiales d\u2019approvisionnement des m\u00e9nages :Construire un g\u00e9ographie des paysages alimentaires. G\u00e9ographie, Universit\u00e9 Paul Val\u00e9ry &#8211; Montpellier III, 2021<\/p>\t\t\t\t\t\t\t\t<\/div>\n\t\t\t\t<\/div>\n\t\t\t\t\t<\/div>\n\t\t<\/div>\n\t\t\t\t\t<\/div>\n\t\t<\/section>\n\t\t\t\t<\/div>\n\t\t","protected":false},"excerpt":{"rendered":"<p>Alors que les discussions sur la SNANC avancent lentement, l\u2019inflation continue de galoper, et les produits alimentaires de peser toujours plus lourd dans le budget des m\u00e9nages modestes. Le cri d\u2019alarme lanc\u00e9 par les Restos du Coeur en est une illustration de plus. Si nous nous r\u00e9jouissons de l\u2019\u00e9lan de solidarit\u00e9 qu\u2019il a suscit\u00e9, nous consid\u00e9rons toutefois que, de la part des responsables politiques, cet \u00e9lan fait fausse route. Le projet de notre pays ne peut pas \u00eatre de permettre aux associations de servir toujours plus de repas aux personnes qui souffrent de la faim. L\u2019ambition de notre pays devrait \u00eatre, au contraire, d\u2019\u00e9viter \u00e0 chacune et chacun l\u2019humiliation d\u2019avoir \u00e0 qu\u00e9mander pour se nourrir. Ce que demandent les personnes en pr\u00e9carit\u00e9, c\u2019est un acc\u00e8s digne, librement choisi, \u00e0 une alimentation saine et de qualit\u00e9. Cela passe d\u2019abord par un rel\u00e8vement des tr\u00e8s bas revenus, car la pr\u00e9carit\u00e9 alimentaire est tr\u00e8s fortement li\u00e9e \u00e0 des revenus insuffisants. Une dimension compl\u00e8tement absente du Pacte des Solidarit\u00e9s sorti il y a seulement quelques semaines. La future SNANC doit aussi faire sa part pour lutter contre la pr\u00e9carit\u00e9 alimentaire. Elle doit notamment donner un cadre clair permettant de d\u00e9passer l\u2019aide alimentaire actuelle pour aller vers une politique de lutte contre la pr\u00e9carit\u00e9 alimentaire qui prenne en compte les enjeux de durabilit\u00e9, de souverainet\u00e9 alimentaire, de sant\u00e9 publique et d\u2019acc\u00e8s dans la dignit\u00e9 \u00e0 l\u2019alimentation. Une ambition pos\u00e9e par le Comit\u00e9 de Coordination de Lutte contre la Pr\u00e9carit\u00e9 Alimentaire (COCOLUPA). La future SNANC doit aussi renforcer la coordination de ces diff\u00e9rentes politiques publiques afin d\u2019agir de mani\u00e8re pr\u00e9ventive contre la pr\u00e9carit\u00e9 alimentaire. Cette ambition est plus globalement port\u00e9e par un collectif de plus de 100 associations dans une lettre ouverte adress\u00e9e \u00e0 Matignon qui appelle \u00e0 une SNANC \u00e0 la hauteur des enjeux \u00e9cologiques, sociaux et de sant\u00e9 publique. Une pr\u00e9carit\u00e9 alimentaire en hausse et aux impacts multiples 7 M de personnes ont eu recours \u00e0 l\u2019aide alimentaire en 2020[1]. Plus globalement, 8 M de personnes sont en situation d\u2019ins\u00e9curit\u00e9 alimentaire. Celle-ci est tr\u00e8s souvent associ\u00e9e \u00e0 d\u2019autres fragilit\u00e9s (addictions, renoncement aux soins, exclusion, logement insalubre\u2026). Les personnes en situation de pr\u00e9carit\u00e9 sont les premi\u00e8res victimes de maladies chroniques li\u00e9es \u00e0 l\u2019alimentation : la part des personnes ob\u00e8ses parmi les personnes ayant recours \u00e0 l\u2019aide alimentaire atteignait 29 % en 2012, pour une moyenne nationale d\u2019environ 17%[2]. De m\u00eame, le Haut Conseil pour la Sant\u00e9 Publique souligne les fortes disparit\u00e9s de consommation de fruits et l\u00e9gumes entre les personnes recourant \u00e0 l\u2019aide alimentaire et la population fran\u00e7aise en g\u00e9n\u00e9ral. Celle-ci devient alors un marqueur social et impacte les plus pr\u00e9caires. Aux probl\u00e9matiques physiques s\u2019ajoutent les probl\u00e9matiques de non recours \u00e0 l\u2019aide alimentaire : une personne sur deux pouvant recourir \u00e0 l\u2019aide alimentaire y renoncerait, en grande partie par honte. La SNANC doit agir sur les environnements alimentaires Il est n\u00e9cessaire de changer de paradigme sur les politiques li\u00e9es \u00e0 l\u2019alimentation. De nombreuses \u00e9tudes ont montr\u00e9 que l\u2019approche par la responsabilit\u00e9 individuelle, le principe du \u201cconsom\u2019acteur\u201d, \u00e9tait insuffisante voire contre-productive. L\u2019approche via une action sur l\u2019environnement alimentaire, qu\u2019il soit physique, \u00e9conomique, socio-culturel ou cognitif, doit \u00eatre aujourd\u2019hui prioritaire. Nos principales recommandations 1. L\u2019augmentation des capacit\u00e9s financi\u00e8res des m\u00e9nages, en particulier en situation de pr\u00e9carit\u00e9. 2. Faire cro\u00eetre le volet local et mieux orienter l\u2019action du fonds \u201cMieux Manger pour Tous\u201d pour sortir de la logique distributive comme moyen de lutte contre la pr\u00e9carit\u00e9 alimentaire et aller vers des dispositifs d\u2019acc\u00e8s \u00e0 une alimentation choisie. Le nombre important de r\u00e9ponses (malgr\u00e9 un temps r\u00e9duit) au volet local du fonds Mieux Manger pour Tous prouve que le tissu associatif et les collectivit\u00e9s locales sont pr\u00eats \u00e0 faire \u00e9merger de nouvelles solidarit\u00e9s alimentaires. Il s\u2019agit donc de soutenir ce dynamisme par une hausse et une meilleure orientation des cr\u00e9dits accord\u00e9s au volet local du fonds Mieux Manger Pour Tous. Cet engagement fait \u00e9cho aux recommandations du HCSP qui d\u00e9fend le soutien d\u2019initiatives proposant des tarifs diff\u00e9renci\u00e9s telles que les \u00e9piceries sociales et solidaires, les groupements d\u2019achats, les paniers solidaires ou les transferts mon\u00e9taires. Cela int\u00e8gre aussi le soutien aux exp\u00e9rimentations de transferts mon\u00e9taires ou de caisses communes de l\u2019alimentation telles que d\u00e9velopp\u00e9es \u00e0 Montpellier dans le cadre de Territoire \u00e0 VivreS ou \u00e0 Cadenet dans le Vaucluse. Ces dispositifs doivent \u00eatre reconnus par leur capacit\u00e9 \u00e0 \u00eatre un levier aux politiques de souverainet\u00e9 alimentaire et de sensibilisation des citoyens aux enjeux li\u00e9s \u00e0 notre alimentation. 3. Faire de la restauration collective un levier plus franc d\u2019une offre alimentaire durable plus accessible Nous accueillons positivement les diff\u00e9rentes annonces li\u00e9es \u00e0 la cantines scolaire dans le Pacte des Solidarit\u00e9s &#8211; notamment\u00a0 la prolongation du dispositif des cantines \u00e0 1 euro pour les petites communes rurales ou le renforcement du soutien de l\u2019Etat de 3\u20ac \u00e0 4\u20ac par repas tarif\u00e9 \u00e0 moins d\u20191\u20ac pour toutes les cantines qui s&rsquo;engagent pour respecter les objectifs fix\u00e9s par la loi EGALIM ou encore l\u2019extension du soutien de l&rsquo;\u00c9tat aux coll\u00e8ges de REP\/REP+ pour mettre en place la tarification sociale. Tout cela r\u00e9pond \u00e0 de r\u00e9els besoins des communes. Rappelons n\u00e9anmoins que la cible de 200 000 enfants touch\u00e9s reste insuffisante quand, en 2018, l\u2019Insee recensait encore 831 000 enfants pauvres \u00e2g\u00e9s de 6 \u00e0 10 ans en France (soit 20% de cette classe d\u2019\u00e2ge). Aussi, nous restons vigilants sur la mise \u00e0 disposition des moyens n\u00e9cessaires de la part de l\u2019Etat pour soutenir les d\u00e9partements, ainsi que sur la cible et le calendrier de mise en \u0153uvre de ces diverses mesures. Pour finir, nous sommes toujours convaincus que la g\u00e9n\u00e9ralisation de la tarification sociale depuis le primaire jusqu\u2019au sup\u00e9rieur permettrait d\u2019am\u00e9liorer les niveaux de fr\u00e9quentation pour les familles plus d\u00e9favoris\u00e9es. Pour ce faire, nous sommes toujours en attente d\u2019un premier rapport d\u2019\u00e9tat des lieux des dispositifs d\u2019acc\u00e8s financiers \u00e0 la cantine en France. 4. S\u2019assurer de la disponibilit\u00e9 d\u2019une offre alimentaire de qualit\u00e9 pour tous et toutes dans tous les territoires et notamment les Outremers, les quartiers prioritaires et les zones rurales. Nous<a href=\"https:\/\/ugess.org\/index.php\/2023\/11\/13\/pour-une-snanc-qui-prenne-en-compte-les-enjeux-dacces-a-une-alimentation-choisie-saine-et-durable-pour-toutes-et-tous\/\" class=\"\" rel=\"bookmark\">Lire la suite &raquo;<span class=\"screen-reader-text\">Pour une SNANC qui prenne en compte les enjeux d&rsquo;acc\u00e8s \u00e0 une alimentation choisie, saine et durable pour toutes et tous<\/span><\/a><\/p>\n","protected":false},"author":3,"featured_media":4292,"comment_status":"closed","ping_status":"closed","sticky":false,"template":"","format":"standard","meta":{"neve_meta_sidebar":"","neve_meta_container":"","neve_meta_enable_content_width":"","neve_meta_content_width":0,"neve_meta_title_alignment":"","neve_meta_author_avatar":"","neve_post_elements_order":"","neve_meta_disable_header":"","neve_meta_disable_footer":"","neve_meta_disable_title":"","footnotes":""},"categories":[17,22],"tags":[26,25,24],"class_list":["post-4291","post","type-post","status-publish","format-standard","has-post-thumbnail","hentry","category-a-la-une","category-plaidoyer","tag-alimentation","tag-inflation","tag-precarite"],"_links":{"self":[{"href":"https:\/\/ugess.org\/index.php\/wp-json\/wp\/v2\/posts\/4291","targetHints":{"allow":["GET"]}}],"collection":[{"href":"https:\/\/ugess.org\/index.php\/wp-json\/wp\/v2\/posts"}],"about":[{"href":"https:\/\/ugess.org\/index.php\/wp-json\/wp\/v2\/types\/post"}],"author":[{"embeddable":true,"href":"https:\/\/ugess.org\/index.php\/wp-json\/wp\/v2\/users\/3"}],"replies":[{"embeddable":true,"href":"https:\/\/ugess.org\/index.php\/wp-json\/wp\/v2\/comments?post=4291"}],"version-history":[{"count":74,"href":"https:\/\/ugess.org\/index.php\/wp-json\/wp\/v2\/posts\/4291\/revisions"}],"predecessor-version":[{"id":4749,"href":"https:\/\/ugess.org\/index.php\/wp-json\/wp\/v2\/posts\/4291\/revisions\/4749"}],"wp:featuredmedia":[{"embeddable":true,"href":"https:\/\/ugess.org\/index.php\/wp-json\/wp\/v2\/media\/4292"}],"wp:attachment":[{"href":"https:\/\/ugess.org\/index.php\/wp-json\/wp\/v2\/media?parent=4291"}],"wp:term":[{"taxonomy":"category","embeddable":true,"href":"https:\/\/ugess.org\/index.php\/wp-json\/wp\/v2\/categories?post=4291"},{"taxonomy":"post_tag","embeddable":true,"href":"https:\/\/ugess.org\/index.php\/wp-json\/wp\/v2\/tags?post=4291"}],"curies":[{"name":"wp","href":"https:\/\/api.w.org\/{rel}","templated":true}]}}