{"id":4714,"date":"2024-03-28T16:55:56","date_gmt":"2024-03-28T15:55:56","guid":{"rendered":"https:\/\/ugess.org\/?p=4714"},"modified":"2025-10-15T09:14:48","modified_gmt":"2025-10-15T07:14:48","slug":"les-epiceries-sociales-et-solidaires-ouverts-a-tous-la-mixite-des-publics-en-faveur-de-linteret-general","status":"publish","type":"post","link":"https:\/\/ugess.org\/index.php\/2024\/03\/28\/les-epiceries-sociales-et-solidaires-ouverts-a-tous-la-mixite-des-publics-en-faveur-de-linteret-general\/","title":{"rendered":"Les \u00e9piceries sociales et solidaires ouverts \u00e0 tous\u00a0: la mixit\u00e9 des publics en faveur de l\u2019int\u00e9r\u00eat g\u00e9n\u00e9ral\u00a0!"},"content":{"rendered":"\t\t<div data-elementor-type=\"wp-post\" data-elementor-id=\"4714\" class=\"elementor elementor-4714\">\n\t\t\t\t\t\t<section class=\"elementor-section elementor-top-section elementor-element elementor-element-e94f06a elementor-section-stretched elementor-section-boxed elementor-section-height-default elementor-section-height-default wpr-particle-no wpr-jarallax-no wpr-parallax-no wpr-sticky-section-no wpr-equal-height-no\" data-id=\"e94f06a\" data-element_type=\"section\" data-e-type=\"section\" data-settings=\"{&quot;stretch_section&quot;:&quot;section-stretched&quot;}\">\n\t\t\t\t\t\t<div class=\"elementor-container elementor-column-gap-default\">\n\t\t\t\t\t<div class=\"elementor-column elementor-col-100 elementor-top-column elementor-element elementor-element-9cf6131\" data-id=\"9cf6131\" data-element_type=\"column\" data-e-type=\"column\">\n\t\t\t<div class=\"elementor-widget-wrap elementor-element-populated\">\n\t\t\t\t\t\t<div class=\"elementor-element elementor-element-10c3895 elementor-widget elementor-widget-text-editor\" data-id=\"10c3895\" data-element_type=\"widget\" data-e-type=\"widget\" data-widget_type=\"text-editor.default\">\n\t\t\t\t<div class=\"elementor-widget-container\">\n\t\t\t\t\t\t\t\t\t<p><em>Mod\u00e8le \u00e9mergent au croisement des enjeux sociaux et environnementaux de l\u2019alimentation, les \u00e9piceries sociales et solidaires en mixit\u00e9 de public s\u2019engagent un peu plus encore pour un acc\u00e8s de tous et dans la dignit\u00e9 \u00e0 une ali<\/em><em>mentation choisie et de qualit\u00e9<\/em><em>. En \u00e9troite collaboration avec le Secours Catholique, l\u2019UGESS a men\u00e9 une \u00e9tude afin de justifier l\u2019importance de l\u2019ouverture de ces espaces \u00e0 un public dit \u00ab\u00a0solidaire\u00a0\u00bb, sans difficult\u00e9 \u00e9conomique particuli\u00e8re, <\/em><em>dans l\u2019<\/em><em>optique de permettre au plus grand nombre d\u2019acc\u00e9der \u00e0 une alimentation saine<\/em><\/p>\t\t\t\t\t\t\t\t<\/div>\n\t\t\t\t<\/div>\n\t\t\t\t\t<\/div>\n\t\t<\/div>\n\t\t\t\t\t<\/div>\n\t\t<\/section>\n\t\t\t\t<section class=\"elementor-section elementor-top-section elementor-element elementor-element-b92f79d elementor-section-stretched elementor-section-boxed elementor-section-height-default elementor-section-height-default wpr-particle-no wpr-jarallax-no wpr-parallax-no wpr-sticky-section-no wpr-equal-height-no\" data-id=\"b92f79d\" data-element_type=\"section\" data-e-type=\"section\" data-settings=\"{&quot;stretch_section&quot;:&quot;section-stretched&quot;}\">\n\t\t\t\t\t\t<div class=\"elementor-container elementor-column-gap-default\">\n\t\t\t\t\t<div class=\"elementor-column elementor-col-100 elementor-top-column elementor-element elementor-element-27ae2c2\" data-id=\"27ae2c2\" data-element_type=\"column\" data-e-type=\"column\">\n\t\t\t<div class=\"elementor-widget-wrap elementor-element-populated\">\n\t\t\t\t\t\t<div class=\"elementor-element elementor-element-0340a33 elementor-widget elementor-widget-text-editor\" data-id=\"0340a33\" data-element_type=\"widget\" data-e-type=\"widget\" data-widget_type=\"text-editor.default\">\n\t\t\t\t<div class=\"elementor-widget-container\">\n\t\t\t\t\t\t\t\t\t<p>16 % de la population fran\u00e7aise est en situation de pr\u00e9carit\u00e9 alimentaire selon une \u00e9tude du CREDOC. Une personne sur deux en situation de pr\u00e9carit\u00e9 alimentaire ne fait pas appel \u00e0 l\u2019aide alimentaire, la raison principale \u00e9tant la honte qu\u2019elle ressent de franchir le pas ou la m\u00e9connaissance des dispositifs. 29 % des personnes qui fr\u00e9quente des structures d\u2019aide alimentaire souffrent d\u2019ob\u00e9sit\u00e9\u2026 Tous ces chiffres viennent en appui du constat que l\u2019aide alimentaire, telle qu\u2019elle a fonctionn\u00e9 depuis le d\u00e9but des ann\u00e9es 80, arrive \u00e0 bout de souffle. En parall\u00e8le, toute une partie de la population a difficilement acc\u00e8s \u00e0 des dispositifs d&rsquo;achats alimentaires. En effet, 62 % des communes fran\u00e7aises sont d\u00e9pourvues de commerces.\u00a0<\/p><p>Ainsi, de multiples initiatives ont \u00e9merg\u00e9 afin de faciliter l\u2019acc\u00e8s aux populations les plus pr\u00e9caires \u00e0 une alimentation de qualit\u00e9, le tout dans le respect de la dignit\u00e9 des personnes. Les \u00e9piceries en mixit\u00e9 de public tentent de r\u00e9pondre \u00e0 ces enjeux de qualit\u00e9, de respect et de pouvoir d\u2019agir, dans la lign\u00e9e de la d\u00e9finition de la lutte contre la pr\u00e9carit\u00e9 alimentaire, introduite dans la code de l\u2019action sociale et des familles par la loi EgAlim de 2018\u00a0:<\/p><p><em>\u00ab\u00a0<\/em><em>La lutte contre la pr\u00e9carit\u00e9 alimentaire vise \u00e0 favoriser l&rsquo;acc\u00e8s \u00e0 une alimentation s\u00fbre, diversifi\u00e9e, de bonne qualit\u00e9 et en quantit\u00e9 suffisante aux personnes en situation de vuln\u00e9rabilit\u00e9 \u00e9conomique ou sociale.<\/em><\/p><p><em>Elle s&rsquo;inscrit dans <\/em><em>le respect du principe de dignit\u00e9 des personnes. Elle participe \u00e0 la reconnaissance et au d\u00e9veloppement des capacit\u00e9s des personnes \u00e0 agir pour elles-m\u00eames et dans leur environnement. L&rsquo;aide alimentaire contribue \u00e0 la lutte contre la pr\u00e9carit\u00e9 alimentaire.<\/em><em>\u00a0\u00bb<\/em><\/p><p>Les \u00e9piceries sociales et solidaires ouvertes \u00e0 tous fonctionnent de la mani\u00e8re suivante\u00a0:<\/p><ul><li>Elles proposent des tarifs diff\u00e9renci\u00e9s : entre 10 et 50 % du prix moyen du march\u00e9 pour les personnes en situation de pr\u00e9carit\u00e9, dans certains cas, un prix co\u00fbtant sur certains types de produits, et un prix classique pour les clients dits solidaires<\/li><li>Elles essaient autant que faire se peut de masquer les diff\u00e9rences entre les publics, dans la limite des contraintes li\u00e9s aux financements publics ou \u00e0 la proposition de produits issus de don, r\u00e9serv\u00e9s aux personnes pr\u00e9caires puisque subventionn\u00e9s.<\/li><li>Elles ouvrent leurs portes aux personnes concern\u00e9es qui peuvent s\u2019impliquer dans le fonctionnement de l\u2019\u00e9picerie et participer aux diff\u00e9rentes activit\u00e9s propos\u00e9es.<\/li><\/ul><p><strong>Plus qu\u2019une simple \u00e9picerie<\/strong><strong>, un v\u00e9ritable lieu de vie<\/strong><\/p><p>Que ce soit de la part des b\u00e9n\u00e9voles ou des personnes concern\u00e9es par les injustices alimentaires, tous mettent en avant le caract\u00e8re socialisateur de l\u2019\u00e9picerie ouverte \u00e0 tous. Certain.e.s en viennent jusqu\u2019\u00e0 souligner que l\u2019alimentation est un pr\u00e9texte pour permettre de cr\u00e9er du commun et du lien social de proximit\u00e9, ceci quel que soit sa situation sociale.\u00a0<\/p>\t\t\t\t\t\t\t\t<\/div>\n\t\t\t\t<\/div>\n\t\t\t\t<div class=\"elementor-element elementor-element-785b857 elementor-widget elementor-widget-testimonial\" data-id=\"785b857\" data-element_type=\"widget\" data-e-type=\"widget\" data-widget_type=\"testimonial.default\">\n\t\t\t\t<div class=\"elementor-widget-container\">\n\t\t\t\t\t\t\t<div class=\"elementor-testimonial-wrapper\">\n\t\t\t\t\t\t\t<div class=\"elementor-testimonial-content\">\u00ab Je me sens bien quand je suis l\u00e0, j\u2019ai perdu mon fils et mon compagnon l\u2019ann\u00e9e derni\u00e8re et j\u2019arrive un peu \u00e0 oublier, je me sens bien. Je l\u2019ai dit la derni\u00e8re fois aux b\u00e9n\u00e9voles et ils m\u2019ont dit ah ben venez alors \u00bb<\/div>\n\t\t\t\n\t\t\t\t\t\t<div class=\"elementor-testimonial-meta\">\n\t\t\t\t<div class=\"elementor-testimonial-meta-inner\">\n\t\t\t\t\t\n\t\t\t\t\t\t\t\t\t\t<div class=\"elementor-testimonial-details\">\n\t\t\t\t\t\t\t\t\t\t\t\t\t\t<div class=\"elementor-testimonial-name\">Acheteuse aid\u00e9e<\/div>\n\t\t\t\t\t\t\t\t\t\t\t\t\t\t\t\t\t\t\t\t\t\t<div class=\"elementor-testimonial-job\">Le Cabas Solidaire<\/div>\n\t\t\t\t\t\t\t\t\t\t\t\t\t<\/div>\n\t\t\t\t\t\t\t\t\t<\/div>\n\t\t\t<\/div>\n\t\t\t\t\t<\/div>\n\t\t\t\t\t\t<\/div>\n\t\t\t\t<\/div>\n\t\t\t\t<div class=\"elementor-element elementor-element-498d388 elementor-widget elementor-widget-testimonial\" data-id=\"498d388\" data-element_type=\"widget\" data-e-type=\"widget\" data-widget_type=\"testimonial.default\">\n\t\t\t\t<div class=\"elementor-widget-container\">\n\t\t\t\t\t\t\t<div class=\"elementor-testimonial-wrapper\">\n\t\t\t\t\t\t\t<div class=\"elementor-testimonial-content\">\u00ab Des fois je fais juste mes courses, souvent je bois un caf\u00e9, je discute un peu avec des copines qu\u2019on conna\u00eet, qu\u2019on a rencontr\u00e9 ici. On est tellement bien accueillies, c\u2019est pratiquement ma deuxi\u00e8me maison, elles sont toutes sympas.\u00a0\u00bb<\/div>\n\t\t\t\n\t\t\t\t\t\t<div class=\"elementor-testimonial-meta\">\n\t\t\t\t<div class=\"elementor-testimonial-meta-inner\">\n\t\t\t\t\t\n\t\t\t\t\t\t\t\t\t\t<div class=\"elementor-testimonial-details\">\n\t\t\t\t\t\t\t\t\t\t\t\t\t\t<div class=\"elementor-testimonial-name\">Adh\u00e9rente<\/div>\n\t\t\t\t\t\t\t\t\t\t\t\t\t\t\t\t\t\t\t\t\t\t<div class=\"elementor-testimonial-job\">La Casaline<\/div>\n\t\t\t\t\t\t\t\t\t\t\t\t\t<\/div>\n\t\t\t\t\t\t\t\t\t<\/div>\n\t\t\t<\/div>\n\t\t\t\t\t<\/div>\n\t\t\t\t\t\t<\/div>\n\t\t\t\t<\/div>\n\t\t\t\t<div class=\"elementor-element elementor-element-f89acb6 elementor-widget elementor-widget-text-editor\" data-id=\"f89acb6\" data-element_type=\"widget\" data-e-type=\"widget\" data-widget_type=\"text-editor.default\">\n\t\t\t\t<div class=\"elementor-widget-container\">\n\t\t\t\t\t\t\t\t\t<p>Acheteuse solidaire ou aid\u00e9e, toutes voient en ce lieu bien plus qu\u2019un simple commerce alimentaire. Finalement, <strong>tout le monde est b\u00e9n\u00e9ficiaire<\/strong>, le public solidaire \u00e9tant beaucoup plus vari\u00e9 qu\u2019on ne le croit. Tous viennent chercher dans ce lieu un peu d\u2019humanit\u00e9, en s\u2019\u00e9loignant de la seule relation purement \u00e9conomique de l\u2019achat de denr\u00e9es.<\/p>\t\t\t\t\t\t\t\t<\/div>\n\t\t\t\t<\/div>\n\t\t\t\t<div class=\"elementor-element elementor-element-ed2ac3b elementor-widget elementor-widget-testimonial\" data-id=\"ed2ac3b\" data-element_type=\"widget\" data-e-type=\"widget\" data-widget_type=\"testimonial.default\">\n\t\t\t\t<div class=\"elementor-widget-container\">\n\t\t\t\t\t\t\t<div class=\"elementor-testimonial-wrapper\">\n\t\t\t\t\t\t\t<div class=\"elementor-testimonial-content\">\u00ab C\u2019est un partage d\u2019humanit\u00e9 \u00e0 un moment donn\u00e9, vis-\u00e0-vis de personnes dont beaucoup sont en difficult\u00e9, mais qui sont aussi capables de donner beaucoup aux autres \u00bb<\/div>\n\t\t\t\n\t\t\t\t\t\t<div class=\"elementor-testimonial-meta\">\n\t\t\t\t<div class=\"elementor-testimonial-meta-inner\">\n\t\t\t\t\t\n\t\t\t\t\t\t\t\t\t\t<div class=\"elementor-testimonial-details\">\n\t\t\t\t\t\t\t\t\t\t\t\t\t\t<div class=\"elementor-testimonial-name\">B\u00e9n\u00e9vole<\/div>\n\t\t\t\t\t\t\t\t\t\t\t\t\t\t\t\t\t\t\t\t\t\t<div class=\"elementor-testimonial-job\">La Casaline<\/div>\n\t\t\t\t\t\t\t\t\t\t\t\t\t<\/div>\n\t\t\t\t\t\t\t\t\t<\/div>\n\t\t\t<\/div>\n\t\t\t\t\t<\/div>\n\t\t\t\t\t\t<\/div>\n\t\t\t\t<\/div>\n\t\t\t\t<div class=\"elementor-element elementor-element-72ae4d9 elementor-widget elementor-widget-text-editor\" data-id=\"72ae4d9\" data-element_type=\"widget\" data-e-type=\"widget\" data-widget_type=\"text-editor.default\">\n\t\t\t\t<div class=\"elementor-widget-container\">\n\t\t\t\t\t\t\t\t\t<p>Certains b\u00e9n\u00e9voles ou acheteurs solidaires peuvent \u00eatre dans une situation de pr\u00e9carit\u00e9 sociale ou d\u2019isolement. Venir \u00e0 l\u2019\u00e9picerie faire ses courses devient alors un pr\u00e9texte pour parler, \u00e9changer, passer un moment convivial et oublier un peu les tracas du quotidien. Il appara\u00eet que d&rsquo;autres personnes consid\u00e9r\u00e9es comme \u00ab\u00a0solidaires\u00a0\u00bb dans\u00a0 l&rsquo;\u00e9picerie, ont en r\u00e9alit\u00e9 une situation \u00e9conomique tr\u00e8s fragile, mais\u00a0 ils ne souhaitent pas franchir les portes de l&rsquo;aide alimentaire.\u00a0L\u2019\u00e9picerie, par sa d\u00e9marche esth\u00e9tique, par son ouverture sur l\u2019ext\u00e9rieur, constitue alors une porte d\u2019entr\u00e9e qui permet peu \u00e0 peu d\u2019approcher ces personnes et de leur permettre d\u2019acc\u00e9der \u00e0 leurs droits et donc de lutter contre le non-recours via l\u2019orientation vers un travailleur social.<\/p>\t\t\t\t\t\t\t\t<\/div>\n\t\t\t\t<\/div>\n\t\t\t\t<div class=\"elementor-element elementor-element-766a758 elementor-widget elementor-widget-testimonial\" data-id=\"766a758\" data-element_type=\"widget\" data-e-type=\"widget\" data-widget_type=\"testimonial.default\">\n\t\t\t\t<div class=\"elementor-widget-container\">\n\t\t\t\t\t\t\t<div class=\"elementor-testimonial-wrapper\">\n\t\t\t\t\t\t\t<div class=\"elementor-testimonial-content\">\u00ab Une mission int\u00e9ressante aussi \u00e0 Epi\u2019Sol, c\u2019est qu\u2019ils accueillent les invisibles, ceux qui n\u2018iront jamais frapper \u00e0 la MDS ou au CCAS.  Cela sert aussi \u00e0 cela d\u2019avoir un \u00e9tablissement qui a pignon sur rue, les personnes qui franchissent le seuil peuvent \u00eatre r\u00e9orient\u00e9es vers le CCAS et b\u00e9n\u00e9ficier d\u2019aides et prises en charge. \u00bb<\/div>\n\t\t\t\n\t\t\t\t\t\t<div class=\"elementor-testimonial-meta\">\n\t\t\t\t<div class=\"elementor-testimonial-meta-inner\">\n\t\t\t\t\t\n\t\t\t\t\t\t\t\t\t\t<div class=\"elementor-testimonial-details\">\n\t\t\t\t\t\t\t\t\t\t\t\t\t\t<div class=\"elementor-testimonial-name\">Partenaire et acheteuse solidaire<\/div>\n\t\t\t\t\t\t\t\t\t\t\t\t\t\t\t\t\t\t\t\t\t\t<div class=\"elementor-testimonial-job\">Episol Pessac<\/div>\n\t\t\t\t\t\t\t\t\t\t\t\t\t<\/div>\n\t\t\t\t\t\t\t\t\t<\/div>\n\t\t\t<\/div>\n\t\t\t\t\t<\/div>\n\t\t\t\t\t\t<\/div>\n\t\t\t\t<\/div>\n\t\t\t\t<div class=\"elementor-element elementor-element-1d08a2d elementor-widget elementor-widget-text-editor\" data-id=\"1d08a2d\" data-element_type=\"widget\" data-e-type=\"widget\" data-widget_type=\"text-editor.default\">\n\t\t\t\t<div class=\"elementor-widget-container\">\n\t\t\t\t\t\t\t\t\t<p>Pour les acheteurs aid\u00e9s, la mixit\u00e9 est importante dans cette id\u00e9e de garder de l\u2019estime de soi, d\u2019\u00eatre accept\u00e9 \u00ab\u00a0tel que l\u2019on est\u00a0\u00bb, ouvrant la porte \u00e0 l\u2019implication dans le collectif. Ces espaces, souvent de petites tailles compar\u00e9s au supermarch\u00e9, permettent alors d\u2019\u00eatre non-anonyme, tout en \u00e9tant reconnu non pas pour sa situation \u00e9conomique, mais tout simplement pour ce que nous sommes.<\/p>\t\t\t\t\t\t\t\t<\/div>\n\t\t\t\t<\/div>\n\t\t\t\t<div class=\"elementor-element elementor-element-b7a7c03 elementor-widget elementor-widget-testimonial\" data-id=\"b7a7c03\" data-element_type=\"widget\" data-e-type=\"widget\" data-widget_type=\"testimonial.default\">\n\t\t\t\t<div class=\"elementor-widget-container\">\n\t\t\t\t\t\t\t<div class=\"elementor-testimonial-wrapper\">\n\t\t\t\t\t\t\t<div class=\"elementor-testimonial-content\">\u00ab C\u2019est ouvert \u00e0 tous et j\u2019ai une carte, je paie 50% du prix de revient. C\u2019est bien, j\u2019ai des contacts avec tout le monde, et pas uniquement avec les personnes qui ont des cartes. C\u2019est un endroit o\u00f9 je peux emmener mes enfants, on est accueilli, il y a une bonne ambiance. \u00bb <\/div>\n\t\t\t\n\t\t\t\t\t\t<div class=\"elementor-testimonial-meta\">\n\t\t\t\t<div class=\"elementor-testimonial-meta-inner\">\n\t\t\t\t\t\n\t\t\t\t\t\t\t\t\t\t<div class=\"elementor-testimonial-details\">\n\t\t\t\t\t\t\t\t\t\t\t\t\t\t<div class=\"elementor-testimonial-name\">Acheteuse aid\u00e9e et b\u00e9n\u00e9vole<\/div>\n\t\t\t\t\t\t\t\t\t\t\t\t\t\t\t\t\t\t\t\t\t\t<div class=\"elementor-testimonial-job\">Episol Pessac<\/div>\n\t\t\t\t\t\t\t\t\t\t\t\t\t<\/div>\n\t\t\t\t\t\t\t\t\t<\/div>\n\t\t\t<\/div>\n\t\t\t\t\t<\/div>\n\t\t\t\t\t\t<\/div>\n\t\t\t\t<\/div>\n\t\t\t\t<div class=\"elementor-element elementor-element-1335615 elementor-widget elementor-widget-text-editor\" data-id=\"1335615\" data-element_type=\"widget\" data-e-type=\"widget\" data-widget_type=\"text-editor.default\">\n\t\t\t\t<div class=\"elementor-widget-container\">\n\t\t\t\t\t\t\t\t\t<p>A ce titre, il faut souligner l\u2019importance de l\u2019\u00e9picerie en tant que lieu bien identifi\u00e9. L\u2019effort qui est fait notamment pour rendre l\u2019endroit chaleureux, la proposition d\u2019un espace pour \u00e9changer et proposer les activit\u00e9s est essentiel.<\/p>\t\t\t\t\t\t\t\t<\/div>\n\t\t\t\t<\/div>\n\t\t\t\t<div class=\"elementor-element elementor-element-f55df84 elementor-widget elementor-widget-testimonial\" data-id=\"f55df84\" data-element_type=\"widget\" data-e-type=\"widget\" data-widget_type=\"testimonial.default\">\n\t\t\t\t<div class=\"elementor-widget-container\">\n\t\t\t\t\t\t\t<div class=\"elementor-testimonial-wrapper\">\n\t\t\t\t\t\t\t<div class=\"elementor-testimonial-content\">\u00ab En entrant, on trouve l\u2019\u00e9picerie jolie et c\u2019est important pour moi et pour les autres, que ce soit accueillant. Ce n\u2019est pas un endroit pour les pauvres et le message \u00ab ouvert \u00e0 tous \u00bb sur la vitrine aide \u00e0 franchir la porte. \u00bb<\/div>\n\t\t\t\n\t\t\t\t\t\t<div class=\"elementor-testimonial-meta\">\n\t\t\t\t<div class=\"elementor-testimonial-meta-inner\">\n\t\t\t\t\t\n\t\t\t\t\t\t\t\t\t\t<div class=\"elementor-testimonial-details\">\n\t\t\t\t\t\t\t\t\t\t\t\t\t\t<div class=\"elementor-testimonial-name\">Acheteuse solidaire et b\u00e9n\u00e9vole<\/div>\n\t\t\t\t\t\t\t\t\t\t\t\t\t\t\t\t\t\t\t\t\t\t<div class=\"elementor-testimonial-job\">Episol<\/div>\n\t\t\t\t\t\t\t\t\t\t\t\t\t<\/div>\n\t\t\t\t\t\t\t\t\t<\/div>\n\t\t\t<\/div>\n\t\t\t\t\t<\/div>\n\t\t\t\t\t\t<\/div>\n\t\t\t\t<\/div>\n\t\t\t\t<div class=\"elementor-element elementor-element-958670b elementor-widget elementor-widget-image\" data-id=\"958670b\" data-element_type=\"widget\" data-e-type=\"widget\" data-widget_type=\"image.default\">\n\t\t\t\t<div class=\"elementor-widget-container\">\n\t\t\t\t\t\t\t\t\t\t\t\t<figure class=\"wp-caption\">\n\t\t\t\t\t\t\t\t\t\t<img fetchpriority=\"high\" decoding=\"async\" width=\"930\" height=\"620\" src=\"https:\/\/ugess.org\/wp-content\/uploads\/2024\/03\/visite-DGCS-4-930x620.jpg\" class=\"attachment-neve-blog size-neve-blog wp-image-4718\" alt=\"\" \/>\t\t\t\t\t\t\t\t\t\t\t<figcaption class=\"widget-image-caption wp-caption-text\">\u00c9picerie sociale et solidaire Ma p'tite \u00c9choppe a Antony<\/figcaption>\n\t\t\t\t\t\t\t\t\t\t<\/figure>\n\t\t\t\t\t\t\t\t\t<\/div>\n\t\t\t\t<\/div>\n\t\t\t\t<div class=\"elementor-element elementor-element-bff20b9 elementor-widget elementor-widget-text-editor\" data-id=\"bff20b9\" data-element_type=\"widget\" data-e-type=\"widget\" data-widget_type=\"text-editor.default\">\n\t\t\t\t<div class=\"elementor-widget-container\">\n\t\t\t\t\t\t\t\t\t<p><strong>Travailler sur la qualit\u00e9 des produits et la d\u00e9mocratie alimentaire<\/strong><\/p><p>L\u2019\u00e9picerie en mixit\u00e9 de public s\u2019int\u00e8gre plus r\u00e9guli\u00e8rement encore dans une d\u00e9marche d\u2019approvisionnement vertueuse, notamment avec les producteurs \u00e0 proximit\u00e9, que ce soit pour une raison militante et\/ou par l\u2019ouverture \u00e0 un public sans difficult\u00e9 \u00e9conomique particuli\u00e8re. Ainsi, public pr\u00e9caire ou non pr\u00e9caire peut avoir acc\u00e8s \u00e0 ces produits de mani\u00e8re \u00e9quitable, via la tarification diff\u00e9renci\u00e9e\u00a0:<\/p>\t\t\t\t\t\t\t\t<\/div>\n\t\t\t\t<\/div>\n\t\t\t\t<div class=\"elementor-element elementor-element-b683307 elementor-widget elementor-widget-testimonial\" data-id=\"b683307\" data-element_type=\"widget\" data-e-type=\"widget\" data-widget_type=\"testimonial.default\">\n\t\t\t\t<div class=\"elementor-widget-container\">\n\t\t\t\t\t\t\t<div class=\"elementor-testimonial-wrapper\">\n\t\t\t\t\t\t\t<div class=\"elementor-testimonial-content\">\u00ab On oublie un petit peu qu\u2019on a des probl\u00e8mes financiers quand on vient ici, c\u2019est comme si on entrait dans n\u2019importe quel magasin et on peut manger vari\u00e9, \u00e9quilibr\u00e9.\u00bb <\/div>\n\t\t\t\n\t\t\t\t\t\t<div class=\"elementor-testimonial-meta\">\n\t\t\t\t<div class=\"elementor-testimonial-meta-inner\">\n\t\t\t\t\t\n\t\t\t\t\t\t\t\t\t\t<div class=\"elementor-testimonial-details\">\n\t\t\t\t\t\t\t\t\t\t\t\t\t\t<div class=\"elementor-testimonial-name\">Acheteuse<\/div>\n\t\t\t\t\t\t\t\t\t\t\t\t\t\t\t\t\t\t\t\t\t\t<div class=\"elementor-testimonial-job\">La Marguerite<\/div>\n\t\t\t\t\t\t\t\t\t\t\t\t\t<\/div>\n\t\t\t\t\t\t\t\t\t<\/div>\n\t\t\t<\/div>\n\t\t\t\t\t<\/div>\n\t\t\t\t\t\t<\/div>\n\t\t\t\t<\/div>\n\t\t\t\t<div class=\"elementor-element elementor-element-70e88b8 elementor-widget elementor-widget-text-editor\" data-id=\"70e88b8\" data-element_type=\"widget\" data-e-type=\"widget\" data-widget_type=\"text-editor.default\">\n\t\t\t\t<div class=\"elementor-widget-container\">\n\t\t\t\t\t\t\t\t\t<p>On constate au sein des structures la tension qu\u2019il peut y avoir entre la proposition d\u2019une alimentation de qualit\u00e9, en lien avec l\u2019agriculture biologique et la fronti\u00e8re que les acheteurs aid\u00e9s peuvent dresser avec ce type de produits (avec l\u2019id\u00e9e, parfois justifi\u00e9e, de prix plus \u00e9lev\u00e9s, mais justes et r\u00e9mun\u00e9rateurs pour le producteur). L\u2019\u00e9picerie sociale et solidaire devient alors un lieu de sensibilisation, permettant de d\u00e9construire certaines id\u00e9es, en proposant des produits issus de l\u2019agriculture biologique et locale \u00e0 prix abordable possible gr\u00e2ce aux divers financements publics et priv\u00e9s.<\/p>\n<p>Cette sensibilisation peut s\u2019inscrire dans des d\u00e9marches de d\u00e9mocratie alimentaire. L\u2019ouverture \u00e0 tous les publics favorise naturellement ces d\u00e9marches innovantes en mati\u00e8re d\u2019alimentation, en permettant de faire le lien avec les personnes concern\u00e9es par les injustices alimentaires. L\u2019effet sur les personnes qui participent \u00e0 ces d\u00e9marches est r\u00e9elle&nbsp;: ce processus de (re)prise en main des enjeux li\u00e9s \u00e0 l\u2019alimentation permet de changer son regard sur la situation de l\u2019agriculture, sur la n\u00e9cessit\u00e9 de revendiquer un v\u00e9ritable droit \u00e0 l\u2019alimentation.<\/p>\t\t\t\t\t\t\t\t<\/div>\n\t\t\t\t<\/div>\n\t\t\t\t<div class=\"elementor-element elementor-element-401acb1 elementor-widget elementor-widget-testimonial\" data-id=\"401acb1\" data-element_type=\"widget\" data-e-type=\"widget\" data-widget_type=\"testimonial.default\">\n\t\t\t\t<div class=\"elementor-widget-container\">\n\t\t\t\t\t\t\t<div class=\"elementor-testimonial-wrapper\">\n\t\t\t\t\t\t\t<div class=\"elementor-testimonial-content\">\u00ab Une commission projet s\u2019est mise en place avec des acheteurs et b\u00e9n\u00e9voles pour r\u00e9fl\u00e9chir \u00e0 monter un restaurant solidaire. Nous sommes en train de nous ouvrir \u00e0 des exp\u00e9rimentations de S\u00e9curit\u00e9 Sociale de l'Alimentation. \u00bb<\/div>\n\t\t\t\n\t\t\t\t\t\t<div class=\"elementor-testimonial-meta\">\n\t\t\t\t<div class=\"elementor-testimonial-meta-inner\">\n\t\t\t\t\t\n\t\t\t\t\t\t\t\t\t\t<div class=\"elementor-testimonial-details\">\n\t\t\t\t\t\t\t\t\t\t\t\t\t\t<div class=\"elementor-testimonial-name\">Acheteuse solidaire et b\u00e9n\u00e9vole<\/div>\n\t\t\t\t\t\t\t\t\t\t\t\t\t\t\t\t\t\t\t\t\t\t<div class=\"elementor-testimonial-job\">Episol<\/div>\n\t\t\t\t\t\t\t\t\t\t\t\t\t<\/div>\n\t\t\t\t\t\t\t\t\t<\/div>\n\t\t\t<\/div>\n\t\t\t\t\t<\/div>\n\t\t\t\t\t\t<\/div>\n\t\t\t\t<\/div>\n\t\t\t\t<div class=\"elementor-element elementor-element-1bd6185 elementor-widget elementor-widget-text-editor\" data-id=\"1bd6185\" data-element_type=\"widget\" data-e-type=\"widget\" data-widget_type=\"text-editor.default\">\n\t\t\t\t<div class=\"elementor-widget-container\">\n\t\t\t\t\t\t\t\t\t<p>En conclusion, cette \u00e9tude sur l\u2019utilit\u00e9 sociale des \u00e9piceries en mixit\u00e9 de public nous a permis de confirmer certaines intuitions des personnes qui s\u2019engagent au sein de ces structures. La mixit\u00e9 doit \u00eatre prise en compte de mani\u00e8re globale. En effet, la mixit\u00e9 \u00e9conomique est au service d\u2019un projet de mixit\u00e9 sociale et culturelle. C\u2019est avant tout un espace renforc\u00e9 de diffusion de la solidarit\u00e9 o\u00f9 les fronti\u00e8res entre public solidaire et public aid\u00e9 deviennent un peu plus floues. \u00a0C\u2019est un lieu de citoyennet\u00e9 o\u00f9 l\u2019implication de chacun est favoris\u00e9e en absence de stigmatisation li\u00e9e \u00e0 la condition sociale. D\u2019ailleurs, toute les personnes qui fr\u00e9quentent ce lieu sont b\u00e9n\u00e9ficiaires\u00a0: <strong>outre l\u2019accessibilit\u00e9 \u00e9conomique, l\u2019\u00e9picerie rompt une pr\u00e9carit\u00e9 sociale, elle permet le partage de savoir et la mont\u00e9e en comp\u00e9tenc<\/strong><strong>e<\/strong>. Elle permet \u00e0 certains d\u2019acc\u00e9der plus facilement \u00e0 leurs droits, en surmontant la stigmatisation que peut apporter une aide alimentaire plus classique. L\u2019alimentation est alors le support pour permettre aux personnes de se rencontrer et cr\u00e9er ensemble. <strong>Install\u00e9es sur des territoires d\u00e9pourvues de commerces, ces \u00e9piceries peuvent aussi garantir \u00e0 tous un acc\u00e8s de proximit\u00e9 \u00e0 une alimentation de qualit\u00e9.<\/strong><\/p><p>M\u00eame si le mot d\u2019\u00e9picerie est finalement r\u00e9ducteur tant les activit\u00e9s d\u2019une \u00e9picerie en mixit\u00e9 sont multiples (on pourrait parler de tiers-lieu \u00e0 bien des \u00e9gards), elle remplit ce r\u00f4le via un ancrage renforc\u00e9 sur le territoire, en d\u00e9veloppant des approvisionnements plus vertueux, notamment en circuit-court et en agriculture biologique. Elle sensibilise sur les enjeux d\u2019une alimentation saine et diversifi\u00e9e en cr\u00e9ant du commun et de la convivialit\u00e9. Ainsi, la mixit\u00e9 (et l\u2019activit\u00e9 commerciale qui en r\u00e9sulte) n\u2019est au service que d\u2019un seul but : favoriser l\u2019acc\u00e8s \u00e0 l\u2019alimentation des personnes pr\u00e9caires et renforcer leur pouvoir d\u2019agir. Il faut d\u2019ailleurs pr\u00e9ciser que si la mixit\u00e9 peut permettre de renforcer la part d\u2019autofinancement, ces projets ne peuvent se passer de financements publics ou priv\u00e9s compl\u00e9mentaires.<\/p><p>Vous \u00eates une \u00e9picerie sociale et solidaire ouverte \u00e0 tous et vous souhaitez travailler sur la mesure de votre utilit\u00e9 sociale\u00a0? N\u2019h\u00e9sitez pas \u00e0 nous contacter\u00a0!<\/p>\t\t\t\t\t\t\t\t<\/div>\n\t\t\t\t<\/div>\n\t\t\t\t<div class=\"elementor-element elementor-element-9b878c7 elementor-align-center elementor-widget elementor-widget-button\" data-id=\"9b878c7\" data-element_type=\"widget\" data-e-type=\"widget\" data-widget_type=\"button.default\">\n\t\t\t\t<div class=\"elementor-widget-container\">\n\t\t\t\t\t\t\t\t\t<div class=\"elementor-button-wrapper\">\n\t\t\t\t\t<a class=\"elementor-button elementor-button-link elementor-size-sm\" href=\"https:\/\/ugess.org\/wp-content\/uploads\/2024\/10\/Propo-prez-rendu-etude.pdf\">\n\t\t\t\t\t\t<span class=\"elementor-button-content-wrapper\">\n\t\t\t\t\t\t\t\t\t<span class=\"elementor-button-text\">Lien vers le r\u00e9sum\u00e9 de l'\u00e9tude<\/span>\n\t\t\t\t\t<\/span>\n\t\t\t\t\t<\/a>\n\t\t\t\t<\/div>\n\t\t\t\t\t\t\t\t<\/div>\n\t\t\t\t<\/div>\n\t\t\t\t\t<\/div>\n\t\t<\/div>\n\t\t\t\t\t<\/div>\n\t\t<\/section>\n\t\t\t\t<\/div>\n\t\t","protected":false},"excerpt":{"rendered":"<p>Mod\u00e8le \u00e9mergent au croisement des enjeux sociaux et environnementaux de l\u2019alimentation, les \u00e9piceries sociales et solidaires en mixit\u00e9 de public s\u2019engagent un peu plus encore pour un acc\u00e8s de tous et dans la dignit\u00e9 \u00e0 une alimentation choisie et de qualit\u00e9. En \u00e9troite collaboration avec le Secours Catholique, l\u2019UGESS a men\u00e9 une \u00e9tude afin de justifier l\u2019importance de l\u2019ouverture de ces espaces \u00e0 un public dit \u00ab\u00a0solidaire\u00a0\u00bb, sans difficult\u00e9 \u00e9conomique particuli\u00e8re, dans l\u2019optique de permettre au plus grand nombre d\u2019acc\u00e9der \u00e0 une alimentation saine 16 % de la population fran\u00e7aise est en situation de pr\u00e9carit\u00e9 alimentaire selon une \u00e9tude du CREDOC. Une personne sur deux en situation de pr\u00e9carit\u00e9 alimentaire ne fait pas appel \u00e0 l\u2019aide alimentaire, la raison principale \u00e9tant la honte qu\u2019elle ressent de franchir le pas ou la m\u00e9connaissance des dispositifs. 29 % des personnes qui fr\u00e9quente des structures d\u2019aide alimentaire souffrent d\u2019ob\u00e9sit\u00e9\u2026 Tous ces chiffres viennent en appui du constat que l\u2019aide alimentaire, telle qu\u2019elle a fonctionn\u00e9 depuis le d\u00e9but des ann\u00e9es 80, arrive \u00e0 bout de souffle. En parall\u00e8le, toute une partie de la population a difficilement acc\u00e8s \u00e0 des dispositifs d&rsquo;achats alimentaires. En effet, 62 % des communes fran\u00e7aises sont d\u00e9pourvues de commerces.\u00a0 Ainsi, de multiples initiatives ont \u00e9merg\u00e9 afin de faciliter l\u2019acc\u00e8s aux populations les plus pr\u00e9caires \u00e0 une alimentation de qualit\u00e9, le tout dans le respect de la dignit\u00e9 des personnes. Les \u00e9piceries en mixit\u00e9 de public tentent de r\u00e9pondre \u00e0 ces enjeux de qualit\u00e9, de respect et de pouvoir d\u2019agir, dans la lign\u00e9e de la d\u00e9finition de la lutte contre la pr\u00e9carit\u00e9 alimentaire, introduite dans la code de l\u2019action sociale et des familles par la loi EgAlim de 2018\u00a0: \u00ab\u00a0La lutte contre la pr\u00e9carit\u00e9 alimentaire vise \u00e0 favoriser l&rsquo;acc\u00e8s \u00e0 une alimentation s\u00fbre, diversifi\u00e9e, de bonne qualit\u00e9 et en quantit\u00e9 suffisante aux personnes en situation de vuln\u00e9rabilit\u00e9 \u00e9conomique ou sociale. Elle s&rsquo;inscrit dans le respect du principe de dignit\u00e9 des personnes. Elle participe \u00e0 la reconnaissance et au d\u00e9veloppement des capacit\u00e9s des personnes \u00e0 agir pour elles-m\u00eames et dans leur environnement. L&rsquo;aide alimentaire contribue \u00e0 la lutte contre la pr\u00e9carit\u00e9 alimentaire.\u00a0\u00bb Les \u00e9piceries sociales et solidaires ouvertes \u00e0 tous fonctionnent de la mani\u00e8re suivante\u00a0: Elles proposent des tarifs diff\u00e9renci\u00e9s : entre 10 et 50 % du prix moyen du march\u00e9 pour les personnes en situation de pr\u00e9carit\u00e9, dans certains cas, un prix co\u00fbtant sur certains types de produits, et un prix classique pour les clients dits solidaires Elles essaient autant que faire se peut de masquer les diff\u00e9rences entre les publics, dans la limite des contraintes li\u00e9s aux financements publics ou \u00e0 la proposition de produits issus de don, r\u00e9serv\u00e9s aux personnes pr\u00e9caires puisque subventionn\u00e9s. Elles ouvrent leurs portes aux personnes concern\u00e9es qui peuvent s\u2019impliquer dans le fonctionnement de l\u2019\u00e9picerie et participer aux diff\u00e9rentes activit\u00e9s propos\u00e9es. Plus qu\u2019une simple \u00e9picerie, un v\u00e9ritable lieu de vie Que ce soit de la part des b\u00e9n\u00e9voles ou des personnes concern\u00e9es par les injustices alimentaires, tous mettent en avant le caract\u00e8re socialisateur de l\u2019\u00e9picerie ouverte \u00e0 tous. Certain.e.s en viennent jusqu\u2019\u00e0 souligner que l\u2019alimentation est un pr\u00e9texte pour permettre de cr\u00e9er du commun et du lien social de proximit\u00e9, ceci quel que soit sa situation sociale.\u00a0 \u00ab Je me sens bien quand je suis l\u00e0, j\u2019ai perdu mon fils et mon compagnon l\u2019ann\u00e9e derni\u00e8re et j\u2019arrive un peu \u00e0 oublier, je me sens bien. Je l\u2019ai dit la derni\u00e8re fois aux b\u00e9n\u00e9voles et ils m\u2019ont dit ah ben venez alors \u00bb Acheteuse aid\u00e9e Le Cabas Solidaire \u00ab Des fois je fais juste mes courses, souvent je bois un caf\u00e9, je discute un peu avec des copines qu\u2019on conna\u00eet, qu\u2019on a rencontr\u00e9 ici. On est tellement bien accueillies, c\u2019est pratiquement ma deuxi\u00e8me maison, elles sont toutes sympas.\u00a0\u00bb Adh\u00e9rente La Casaline Acheteuse solidaire ou aid\u00e9e, toutes voient en ce lieu bien plus qu\u2019un simple commerce alimentaire. Finalement, tout le monde est b\u00e9n\u00e9ficiaire, le public solidaire \u00e9tant beaucoup plus vari\u00e9 qu\u2019on ne le croit. Tous viennent chercher dans ce lieu un peu d\u2019humanit\u00e9, en s\u2019\u00e9loignant de la seule relation purement \u00e9conomique de l\u2019achat de denr\u00e9es. \u00ab C\u2019est un partage d\u2019humanit\u00e9 \u00e0 un moment donn\u00e9, vis-\u00e0-vis de personnes dont beaucoup sont en difficult\u00e9, mais qui sont aussi capables de donner beaucoup aux autres \u00bb B\u00e9n\u00e9vole La Casaline Certains b\u00e9n\u00e9voles ou acheteurs solidaires peuvent \u00eatre dans une situation de pr\u00e9carit\u00e9 sociale ou d\u2019isolement. Venir \u00e0 l\u2019\u00e9picerie faire ses courses devient alors un pr\u00e9texte pour parler, \u00e9changer, passer un moment convivial et oublier un peu les tracas du quotidien. Il appara\u00eet que d&rsquo;autres personnes consid\u00e9r\u00e9es comme \u00ab\u00a0solidaires\u00a0\u00bb dans\u00a0 l&rsquo;\u00e9picerie, ont en r\u00e9alit\u00e9 une situation \u00e9conomique tr\u00e8s fragile, mais\u00a0 ils ne souhaitent pas franchir les portes de l&rsquo;aide alimentaire.\u00a0L\u2019\u00e9picerie, par sa d\u00e9marche esth\u00e9tique, par son ouverture sur l\u2019ext\u00e9rieur, constitue alors une porte d\u2019entr\u00e9e qui permet peu \u00e0 peu d\u2019approcher ces personnes et de leur permettre d\u2019acc\u00e9der \u00e0 leurs droits et donc de lutter contre le non-recours via l\u2019orientation vers un travailleur social. \u00ab Une mission int\u00e9ressante aussi \u00e0 Epi\u2019Sol, c\u2019est qu\u2019ils accueillent les invisibles, ceux qui n\u2018iront jamais frapper \u00e0 la MDS ou au CCAS. Cela sert aussi \u00e0 cela d\u2019avoir un \u00e9tablissement qui a pignon sur rue, les personnes qui franchissent le seuil peuvent \u00eatre r\u00e9orient\u00e9es vers le CCAS et b\u00e9n\u00e9ficier d\u2019aides et prises en charge. \u00bb Partenaire et acheteuse solidaire Episol Pessac Pour les acheteurs aid\u00e9s, la mixit\u00e9 est importante dans cette id\u00e9e de garder de l\u2019estime de soi, d\u2019\u00eatre accept\u00e9 \u00ab\u00a0tel que l\u2019on est\u00a0\u00bb, ouvrant la porte \u00e0 l\u2019implication dans le collectif. Ces espaces, souvent de petites tailles compar\u00e9s au supermarch\u00e9, permettent alors d\u2019\u00eatre non-anonyme, tout en \u00e9tant reconnu non pas pour sa situation \u00e9conomique, mais tout simplement pour ce que nous sommes. \u00ab C\u2019est ouvert \u00e0 tous et j\u2019ai une carte, je paie 50% du prix de revient. C\u2019est bien, j\u2019ai des contacts avec tout le monde, et pas uniquement avec les personnes qui ont des cartes. C\u2019est un endroit o\u00f9 je peux emmener mes enfants, on est accueilli, il y a une bonne ambiance. \u00bb Acheteuse<a href=\"https:\/\/ugess.org\/index.php\/2024\/03\/28\/les-epiceries-sociales-et-solidaires-ouverts-a-tous-la-mixite-des-publics-en-faveur-de-linteret-general\/\" class=\"\" rel=\"bookmark\">Lire la suite &raquo;<span class=\"screen-reader-text\">Les \u00e9piceries sociales et solidaires ouverts \u00e0 tous\u00a0: la mixit\u00e9 des publics en faveur de l\u2019int\u00e9r\u00eat g\u00e9n\u00e9ral\u00a0!<\/span><\/a><\/p>\n","protected":false},"author":1,"featured_media":4744,"comment_status":"closed","ping_status":"closed","sticky":false,"template":"","format":"standard","meta":{"neve_meta_sidebar":"","neve_meta_container":"","neve_meta_enable_content_width":"","neve_meta_content_width":0,"neve_meta_title_alignment":"","neve_meta_author_avatar":"","neve_post_elements_order":"","neve_meta_disable_header":"","neve_meta_disable_footer":"","neve_meta_disable_title":"","footnotes":""},"categories":[17,22],"tags":[26,36,42,24],"class_list":["post-4714","post","type-post","status-publish","format-standard","has-post-thumbnail","hentry","category-a-la-une","category-plaidoyer","tag-alimentation","tag-epicerie-sociale","tag-mixite-sociale","tag-precarite"],"_links":{"self":[{"href":"https:\/\/ugess.org\/index.php\/wp-json\/wp\/v2\/posts\/4714","targetHints":{"allow":["GET"]}}],"collection":[{"href":"https:\/\/ugess.org\/index.php\/wp-json\/wp\/v2\/posts"}],"about":[{"href":"https:\/\/ugess.org\/index.php\/wp-json\/wp\/v2\/types\/post"}],"author":[{"embeddable":true,"href":"https:\/\/ugess.org\/index.php\/wp-json\/wp\/v2\/users\/1"}],"replies":[{"embeddable":true,"href":"https:\/\/ugess.org\/index.php\/wp-json\/wp\/v2\/comments?post=4714"}],"version-history":[{"count":19,"href":"https:\/\/ugess.org\/index.php\/wp-json\/wp\/v2\/posts\/4714\/revisions"}],"predecessor-version":[{"id":5030,"href":"https:\/\/ugess.org\/index.php\/wp-json\/wp\/v2\/posts\/4714\/revisions\/5030"}],"wp:featuredmedia":[{"embeddable":true,"href":"https:\/\/ugess.org\/index.php\/wp-json\/wp\/v2\/media\/4744"}],"wp:attachment":[{"href":"https:\/\/ugess.org\/index.php\/wp-json\/wp\/v2\/media?parent=4714"}],"wp:term":[{"taxonomy":"category","embeddable":true,"href":"https:\/\/ugess.org\/index.php\/wp-json\/wp\/v2\/categories?post=4714"},{"taxonomy":"post_tag","embeddable":true,"href":"https:\/\/ugess.org\/index.php\/wp-json\/wp\/v2\/tags?post=4714"}],"curies":[{"name":"wp","href":"https:\/\/api.w.org\/{rel}","templated":true}]}}